{"id":188764,"date":"2026-03-05T14:29:00","date_gmt":"2026-03-05T13:29:00","guid":{"rendered":"https:\/\/www.ainia.com\/?p=188764"},"modified":"2026-03-05T14:32:22","modified_gmt":"2026-03-05T13:32:22","slug":"biofach-2026-tendencias-do-setor-biologico-em-ingredientes-tecnologia-e-economia-circular","status":"publish","type":"post","link":"https:\/\/www.ainia.com\/pt\/ainia-news\/biofach-2026-tendencias-do-setor-biologico-em-ingredientes-tecnologia-e-economia-circular\/","title":{"rendered":"BIOFACH 2026: tend\u00eancias do setor biol\u00f3gico em ingredientes, tecnologia e economia circular"},"content":{"rendered":"<html><body><p>A <strong>\u00faltima edi\u00e7\u00e3o da BIOFACH 2026<\/strong>, realizada em Nuremberga, voltou a evidenciar que o setor biol\u00f3gico europeu atravessa uma fase de consolida\u00e7\u00e3o t\u00e9cnica e maturidade estrat\u00e9gica. Com mais de 2.000 expositores de cerca de 90 pa\u00edses, a feira confirma que o crescimento do mercado bio j\u00e1 n\u00e3o se apoia apenas na origem ou na certifica\u00e7\u00e3o, mas na capacidade de integrar inova\u00e7\u00e3o, sustentabilidade e rigor cient\u00edfico.<\/p>\n<p>O lema <em>\u201cGrowing Tomorrow: Young Voices, Bold Visions\u201d<\/em> refor\u00e7ou essa ideia: o futuro do biol\u00f3gico passa por combinar vis\u00e3o transformadora com ferramentas tecnol\u00f3gicas que aportem efici\u00eancia, rastreabilidade e valor acrescentado.<\/p>\n<article>\n<nav aria-label=\"\u00cdndice\">\n<ul>\n<li><strong><a href=\"#punto-1\">1. Prote\u00ednas vegetais e extratos funcionais: a sofistica\u00e7\u00e3o do ingrediente biol\u00f3gico<\/a><\/strong><\/li>\n<li><strong><a href=\"#punto-2\">2. Reformula\u00e7\u00e3o sensorial e bem-estar: sustentabilidade que se percebe<\/a><\/strong><\/li>\n<li><strong><a href=\"#punto-3\">3. Inova\u00e7\u00e3o h\u00edbrida e economia circular: tradi\u00e7\u00e3o com ferramentas avan\u00e7adas<\/a><\/strong><\/li>\n<li><strong><a href=\"#conclusiones\">Conclus\u00f5es: chaves para a ind\u00fastria<\/a><\/strong><\/li>\n<\/ul>\n<\/nav>\n<section id=\"punto-1\" aria-labelledby=\"punto-1-h2\">\n<h2 id=\"punto-1-h2\"><strong>1. Prote\u00ednas vegetais e extratos funcionais: a sofistica\u00e7\u00e3o do ingrediente biol\u00f3gico<\/strong><\/h2>\n<p>Um dos vetores mais vis\u00edveis foi a evolu\u00e7\u00e3o das prote\u00ednas vegetais. Ingredientes provenientes de<strong> fava, girassol ou ab\u00f3bora<\/strong>, bem como misturas otimizadas para complementar perfis de amino\u00e1cidos, refletem um mercado que procura solu\u00e7\u00f5es completas: funcionalidade tecnol\u00f3gica, qualidade sensorial e coer\u00eancia nutricional.<\/p>\n<p>Em paralelo, os <strong>an\u00e1logos de carne e os produtos prontos a consumir<\/strong> continuam a ganhar presen\u00e7a, elevando a exig\u00eancia em textura, estabilidade e experi\u00eancia organol\u00e9tica.<\/p>\n<p>Tamb\u00e9m se destacam os <strong>extratos naturais com posicionamento funcional:<\/strong> concentrados polifen\u00f3licos, fra\u00e7\u00f5es arom\u00e1ticas naturais ou ingredientes bot\u00e2nicos com aplica\u00e7\u00f5es em alimenta\u00e7\u00e3o e cosm\u00e9tica. A procura j\u00e1 n\u00e3o se limita ao \u201cnatural\u201d; exige pureza, reprodutibilidade e rastreabilidade.<\/p>\n<p>Neste contexto, tecnologias como a <a href=\"https:\/\/www.ainia.com\/pt\/extracao-e-separacao-com-co2-supercritico\/\"><strong>extra\u00e7\u00e3o com CO\u2082 supercr\u00edtico<\/strong><\/a> permitem obter extratos de elevada seletividade, p<strong>reservar compostos termol\u00e1beis e minimizar o uso de solventes convencionais<\/strong>. Al\u00e9m disso, possibilitam aplica\u00e7\u00f5es como o desengorduramento de matrizes vegetais para aumentar o teor proteico ou melhorar o perfil sensorial de ingredientes.<\/p>\n<\/section>\n<section id=\"punto-2\" aria-labelledby=\"punto-2-h2\">\n<h2 id=\"punto-2-h2\"><img decoding=\"async\" class=\"alignnone wp-image-188748 size-large\" src=\"https:\/\/www.ainia.com\/wp-content\/uploads\/2026\/03\/Multimedia-2-1-1-2-768x1024.jpg\" alt=\"protein powders by granola\" width=\"768\" height=\"1024\" srcset=\"https:\/\/www.ainia.com\/wp-content\/uploads\/2026\/03\/Multimedia-2-1-1-2-768x1024.jpg 768w, https:\/\/www.ainia.com\/wp-content\/uploads\/2026\/03\/Multimedia-2-1-1-2-225x300.jpg 225w, https:\/\/www.ainia.com\/wp-content\/uploads\/2026\/03\/Multimedia-2-1-1-2-1152x1536.jpg 1152w, https:\/\/www.ainia.com\/wp-content\/uploads\/2026\/03\/Multimedia-2-1-1-2.jpg 1200w\" sizes=\"(max-width: 768px) 100vw, 768px\"><\/h2>\n<h2>2. Reformula\u00e7\u00e3o sensorial e bem-estar: sustentabilidade que se percebe<\/h2>\n<p>A BIOFACH confirma que a sustentabilidade deve ser acompanhada de experi\u00eancia. Corantes vegetais aplicados a formatos como<strong> gomas, bebidas funcionais orientadas para o bem-estar (well-being in a bottle), snacks saud\u00e1veis e produtos com redu\u00e7\u00e3o de a\u00e7\u00facares<\/strong> mostram que o consumidor biol\u00f3gico procura equil\u00edbrio entre sa\u00fade, prazer e conveni\u00eancia.<\/p>\n<p>No \u00e2mbito cosm\u00e9tico, a presen\u00e7a de \u00f3leos vegetais (rosa mosqueta, citrinos), extratos de baunilha ou cardamomo, fra\u00e7\u00f5es polifen\u00f3licas e extratos de algas evidencia a converg\u00eancia entre alimenta\u00e7\u00e3o, ingredientes bioativos e bem-estar integral.<\/p>\n<p>Tudo isto requer suporte t\u00e9cnico: controlo de qualidade, valida\u00e7\u00e3o de pureza, estudos de estabilidade e cumprimento regulamentar. A credibilidade do biol\u00f3gico assenta cada vez mais em dados anal\u00edticos robustos.<\/p>\n<\/section>\n<section id=\"punto-3\" aria-labelledby=\"punto-3-h2\">\n<h2 id=\"punto-3-h2\">3. Inova\u00e7\u00e3o h\u00edbrida e economia circular: tradi\u00e7\u00e3o com ferramentas avan\u00e7adas<\/h2>\n<p>A zona de inova\u00e7\u00e3o valorizou a integra\u00e7\u00e3o de pr\u00e1ticas tradicionais com tecnologias avan\u00e7adas. Desde novas<strong> abordagens agr\u00edcolas apoiadas em dados at\u00e9 processos como a fermenta\u00e7\u00e3o de precis\u00e3o<\/strong>, a mensagem \u00e9 clara: a tradi\u00e7\u00e3o n\u00e3o est\u00e1 em oposi\u00e7\u00e3o \u00e0 tecnologia.<\/p>\n<p>O <strong>upcycling e a valoriza\u00e7\u00e3o de subprodutos<\/strong> consolidam-se como linhas estrat\u00e9gicas. Transformar correntes secund\u00e1rias em ingredientes de elevado valor n\u00e3o s\u00f3 reduz o impacto ambiental, como tamb\u00e9m gera novas oportunidades de formula\u00e7\u00e3o.<\/p>\n<p>Aqui, os processos limpos e seletivos desempenham um papel fundamental para garantir efici\u00eancia, coer\u00eancia sensorial e viabilidade industrial.<\/p>\n<\/section>\n<section id=\"conclusiones\" aria-labelledby=\"conclusiones-h2\">\n<h2 id=\"conclusiones-h2\">Conclus\u00f5es: chaves para a ind\u00fastria<\/h2>\n<p>A <strong>BIOFACH 2026<\/strong> deixa v\u00e1rias conclus\u00f5es estrat\u00e9gicas:<\/p>\n<ul>\n<li>O ingrediente biol\u00f3gico evolui para maior complexidade t\u00e9cnica e funcional.<\/li>\n<li>A tecnologia de processo faz parte do relato de sustentabilidade.<\/li>\n<li>A diferencia\u00e7\u00e3o passa por pureza, seletividade e suporte anal\u00edtico.<\/li>\n<li>A circularidade e a reformula\u00e7\u00e3o saud\u00e1vel j\u00e1 s\u00e3o requisitos estruturais.<\/li>\n<\/ul>\n<p>O futuro do setor biol\u00f3gico ser\u00e1 sustent\u00e1vel, mas tamb\u00e9m intensivo em conhecimento, dados e tecnologia. Integrar ci\u00eancia aplicada, processos avan\u00e7ados e valida\u00e7\u00e3o anal\u00edtica ser\u00e1 determinante para transformar tend\u00eancias em propostas de valor s\u00f3lidas e escal\u00e1veis.<\/p>\n<p><img decoding=\"async\" class=\"alignnone wp-image-188753 size-large\" src=\"https:\/\/www.ainia.com\/wp-content\/uploads\/2026\/03\/Multimedia-3-1-1-1-768x1024.jpg\" alt=\"Bio granola\" width=\"768\" height=\"1024\" srcset=\"https:\/\/www.ainia.com\/wp-content\/uploads\/2026\/03\/Multimedia-3-1-1-1-768x1024.jpg 768w, https:\/\/www.ainia.com\/wp-content\/uploads\/2026\/03\/Multimedia-3-1-1-1-225x300.jpg 225w, https:\/\/www.ainia.com\/wp-content\/uploads\/2026\/03\/Multimedia-3-1-1-1-1152x1536.jpg 1152w, https:\/\/www.ainia.com\/wp-content\/uploads\/2026\/03\/Multimedia-3-1-1-1.jpg 1200w\" sizes=\"(max-width: 768px) 100vw, 768px\"><\/p>\n<\/section>\n<\/article>\n<\/body><\/html>","protected":false},"excerpt":{"rendered":"<p>A \u00faltima edi\u00e7\u00e3o da BIOFACH 2026, realizada em Nuremberga, voltou a evidenciar que o setor biol\u00f3gico europeu atravessa uma fase de consolida\u00e7\u00e3o t\u00e9cnica e maturidade estrat\u00e9gica. Com mais de 2.000 expositores de cerca de 90 pa\u00edses, a feira confirma que o crescimento do mercado bio j\u00e1 n\u00e3o se apoia apenas na origem ou na certifica\u00e7\u00e3o, [&hellip;]<\/p>\n","protected":false},"author":249,"featured_media":188747,"comment_status":"closed","ping_status":"closed","sticky":false,"template":"","format":"standard","meta":{"_acf_changed":false,"inline_featured_image":false,"footnotes":""},"categories":[1964],"tags":[],"class_list":["post-188764","post","type-post","status-publish","format-standard","hentry","category-tendencias-pt"],"acf":[],"yoast_head":"<!-- This site is optimized with the Yoast SEO plugin v27.5 - https:\/\/yoast.com\/product\/yoast-seo-wordpress\/ -->\n<title>BIOFACH 2026 - AINIA<\/title>\n<meta name=\"description\" content=\"BIOFACH 2026 confirma a maturidade do setor biol\u00f3gico europeu, com destaque para prote\u00ednas vegetais, extratos funcionais, reformula\u00e7\u00e3o saud\u00e1vel e economia circular.\" \/>\n<meta name=\"robots\" content=\"index, follow, max-snippet:-1, max-image-preview:large, max-video-preview:-1\" \/>\n<link rel=\"canonical\" href=\"https:\/\/www.ainia.com\/pt\/ainia-news\/biofach-2026-tendencias-do-setor-biologico-em-ingredientes-tecnologia-e-economia-circular\/\" \/>\n<meta property=\"og:locale\" content=\"pt_PT\" \/>\n<meta property=\"og:type\" content=\"article\" \/>\n<meta property=\"og:title\" content=\"BIOFACH 2026 - AINIA\" \/>\n<meta property=\"og:description\" content=\"BIOFACH 2026 confirma a maturidade do setor biol\u00f3gico europeu, com destaque para prote\u00ednas vegetais, extratos funcionais, reformula\u00e7\u00e3o saud\u00e1vel e economia circular.\" \/>\n<meta property=\"og:url\" content=\"https:\/\/www.ainia.com\/pt\/ainia-news\/biofach-2026-tendencias-do-setor-biologico-em-ingredientes-tecnologia-e-economia-circular\/\" \/>\n<meta property=\"og:site_name\" content=\"AINIA\" \/>\n<meta property=\"article:published_time\" content=\"2026-03-05T13:29:00+00:00\" \/>\n<meta property=\"article:modified_time\" content=\"2026-03-05T13:32:22+00:00\" \/>\n<meta property=\"og:image\" content=\"https:\/\/www.ainia.com\/wp-content\/uploads\/2026\/03\/20260209_164012-1-1.jpg\" \/>\n\t<meta property=\"og:image:width\" content=\"1200\" \/>\n\t<meta property=\"og:image:height\" content=\"900\" \/>\n\t<meta property=\"og:image:type\" content=\"image\/jpeg\" \/>\n<meta name=\"author\" content=\"Miguel Garc\u00eda\" \/>\n<meta name=\"twitter:card\" content=\"summary_large_image\" \/>\n<meta name=\"twitter:label1\" content=\"Written by\" \/>\n\t<meta name=\"twitter:data1\" content=\"Miguel Garc\u00eda\" \/>\n\t<meta name=\"twitter:label2\" content=\"Est. reading time\" \/>\n\t<meta name=\"twitter:data2\" content=\"4 minutes\" \/>\n<script type=\"application\/ld+json\" class=\"yoast-schema-graph\">{\"@context\":\"https:\\\/\\\/schema.org\",\"@graph\":[{\"@type\":\"Article\",\"@id\":\"https:\\\/\\\/www.ainia.com\\\/pt\\\/ainia-news\\\/biofach-2026-tendencias-do-setor-biologico-em-ingredientes-tecnologia-e-economia-circular\\\/#article\",\"isPartOf\":{\"@id\":\"https:\\\/\\\/www.ainia.com\\\/pt\\\/ainia-news\\\/biofach-2026-tendencias-do-setor-biologico-em-ingredientes-tecnologia-e-economia-circular\\\/\"},\"author\":{\"name\":\"Miguel Garc\u00eda\",\"@id\":\"https:\\\/\\\/www.ainia.com\\\/pt\\\/#\\\/schema\\\/person\\\/507fd0bad589bbe3d26889351af2d1c5\"},\"headline\":\"BIOFACH 2026: tend\u00eancias do setor biol\u00f3gico em ingredientes, tecnologia e economia circular\",\"datePublished\":\"2026-03-05T13:29:00+00:00\",\"dateModified\":\"2026-03-05T13:32:22+00:00\",\"mainEntityOfPage\":{\"@id\":\"https:\\\/\\\/www.ainia.com\\\/pt\\\/ainia-news\\\/biofach-2026-tendencias-do-setor-biologico-em-ingredientes-tecnologia-e-economia-circular\\\/\"},\"wordCount\":712,\"publisher\":{\"@id\":\"https:\\\/\\\/www.ainia.com\\\/pt\\\/#organization\"},\"image\":{\"@id\":\"https:\\\/\\\/www.ainia.com\\\/pt\\\/ainia-news\\\/biofach-2026-tendencias-do-setor-biologico-em-ingredientes-tecnologia-e-economia-circular\\\/#primaryimage\"},\"thumbnailUrl\":\"https:\\\/\\\/www.ainia.com\\\/wp-content\\\/uploads\\\/2026\\\/03\\\/20260209_164012-1-1.jpg\",\"articleSection\":[\"Tend\u00eancias\"],\"inLanguage\":\"pt\"},{\"@type\":\"WebPage\",\"@id\":\"https:\\\/\\\/www.ainia.com\\\/pt\\\/ainia-news\\\/biofach-2026-tendencias-do-setor-biologico-em-ingredientes-tecnologia-e-economia-circular\\\/\",\"url\":\"https:\\\/\\\/www.ainia.com\\\/pt\\\/ainia-news\\\/biofach-2026-tendencias-do-setor-biologico-em-ingredientes-tecnologia-e-economia-circular\\\/\",\"name\":\"BIOFACH 2026 - AINIA\",\"isPartOf\":{\"@id\":\"https:\\\/\\\/www.ainia.com\\\/pt\\\/#website\"},\"primaryImageOfPage\":{\"@id\":\"https:\\\/\\\/www.ainia.com\\\/pt\\\/ainia-news\\\/biofach-2026-tendencias-do-setor-biologico-em-ingredientes-tecnologia-e-economia-circular\\\/#primaryimage\"},\"image\":{\"@id\":\"https:\\\/\\\/www.ainia.com\\\/pt\\\/ainia-news\\\/biofach-2026-tendencias-do-setor-biologico-em-ingredientes-tecnologia-e-economia-circular\\\/#primaryimage\"},\"thumbnailUrl\":\"https:\\\/\\\/www.ainia.com\\\/wp-content\\\/uploads\\\/2026\\\/03\\\/20260209_164012-1-1.jpg\",\"datePublished\":\"2026-03-05T13:29:00+00:00\",\"dateModified\":\"2026-03-05T13:32:22+00:00\",\"description\":\"BIOFACH 2026 confirma a maturidade do setor biol\u00f3gico europeu, com destaque para prote\u00ednas vegetais, extratos funcionais, reformula\u00e7\u00e3o saud\u00e1vel e economia circular.\",\"breadcrumb\":{\"@id\":\"https:\\\/\\\/www.ainia.com\\\/pt\\\/ainia-news\\\/biofach-2026-tendencias-do-setor-biologico-em-ingredientes-tecnologia-e-economia-circular\\\/#breadcrumb\"},\"inLanguage\":\"pt\",\"potentialAction\":[{\"@type\":\"ReadAction\",\"target\":[\"https:\\\/\\\/www.ainia.com\\\/pt\\\/ainia-news\\\/biofach-2026-tendencias-do-setor-biologico-em-ingredientes-tecnologia-e-economia-circular\\\/\"]}]},{\"@type\":\"ImageObject\",\"inLanguage\":\"pt\",\"@id\":\"https:\\\/\\\/www.ainia.com\\\/pt\\\/ainia-news\\\/biofach-2026-tendencias-do-setor-biologico-em-ingredientes-tecnologia-e-economia-circular\\\/#primaryimage\",\"url\":\"https:\\\/\\\/www.ainia.com\\\/wp-content\\\/uploads\\\/2026\\\/03\\\/20260209_164012-1-1.jpg\",\"contentUrl\":\"https:\\\/\\\/www.ainia.com\\\/wp-content\\\/uploads\\\/2026\\\/03\\\/20260209_164012-1-1.jpg\",\"width\":1200,\"height\":900,\"caption\":\"AINIA stand\"},{\"@type\":\"BreadcrumbList\",\"@id\":\"https:\\\/\\\/www.ainia.com\\\/pt\\\/ainia-news\\\/biofach-2026-tendencias-do-setor-biologico-em-ingredientes-tecnologia-e-economia-circular\\\/#breadcrumb\",\"itemListElement\":[{\"@type\":\"ListItem\",\"position\":1,\"name\":\"Portada\",\"item\":\"https:\\\/\\\/www.ainia.com\\\/pt\\\/\"},{\"@type\":\"ListItem\",\"position\":2,\"name\":\"BIOFACH 2026: tend\u00eancias do setor biol\u00f3gico em ingredientes, tecnologia e economia circular\"}]},{\"@type\":\"WebSite\",\"@id\":\"https:\\\/\\\/www.ainia.com\\\/pt\\\/#website\",\"url\":\"https:\\\/\\\/www.ainia.com\\\/pt\\\/\",\"name\":\"AINIA\",\"description\":\"AINIA\",\"publisher\":{\"@id\":\"https:\\\/\\\/www.ainia.com\\\/pt\\\/#organization\"},\"potentialAction\":[{\"@type\":\"SearchAction\",\"target\":{\"@type\":\"EntryPoint\",\"urlTemplate\":\"https:\\\/\\\/www.ainia.com\\\/pt\\\/?s={search_term_string}\"},\"query-input\":{\"@type\":\"PropertyValueSpecification\",\"valueRequired\":true,\"valueName\":\"search_term_string\"}}],\"inLanguage\":\"pt\"},{\"@type\":\"Organization\",\"@id\":\"https:\\\/\\\/www.ainia.com\\\/pt\\\/#organization\",\"name\":\"Ainia\",\"url\":\"https:\\\/\\\/www.ainia.com\\\/pt\\\/\",\"logo\":{\"@type\":\"ImageObject\",\"inLanguage\":\"pt\",\"@id\":\"https:\\\/\\\/www.ainia.com\\\/pt\\\/#\\\/schema\\\/logo\\\/image\\\/\",\"url\":\"https:\\\/\\\/www.ainia.com\\\/wp-content\\\/uploads\\\/2022\\\/01\\\/LOGO-AINIA-simple-alta-resolucion-sin-fondo-1.png\",\"contentUrl\":\"https:\\\/\\\/www.ainia.com\\\/wp-content\\\/uploads\\\/2022\\\/01\\\/LOGO-AINIA-simple-alta-resolucion-sin-fondo-1.png\",\"width\":1000,\"height\":346,\"caption\":\"Ainia\"},\"image\":{\"@id\":\"https:\\\/\\\/www.ainia.com\\\/pt\\\/#\\\/schema\\\/logo\\\/image\\\/\"}},{\"@type\":\"Person\",\"@id\":\"https:\\\/\\\/www.ainia.com\\\/pt\\\/#\\\/schema\\\/person\\\/507fd0bad589bbe3d26889351af2d1c5\",\"name\":\"Miguel Garc\u00eda\",\"image\":{\"@type\":\"ImageObject\",\"inLanguage\":\"pt\",\"@id\":\"https:\\\/\\\/secure.gravatar.com\\\/avatar\\\/f782ca5c38b3fa085d9148befee5996da7f3b693bfce7acc8dab43a5e57c9b24?s=96&d=mm&r=g\",\"url\":\"https:\\\/\\\/secure.gravatar.com\\\/avatar\\\/f782ca5c38b3fa085d9148befee5996da7f3b693bfce7acc8dab43a5e57c9b24?s=96&d=mm&r=g\",\"contentUrl\":\"https:\\\/\\\/secure.gravatar.com\\\/avatar\\\/f782ca5c38b3fa085d9148befee5996da7f3b693bfce7acc8dab43a5e57c9b24?s=96&d=mm&r=g\",\"caption\":\"Miguel Garc\u00eda\"},\"url\":\"https:\\\/\\\/www.ainia.com\\\/pt\\\/ainia-news\\\/author\\\/miguel-garcia\\\/\"}]}<\/script>\n<!-- \/ Yoast SEO plugin. -->","yoast_head_json":{"title":"BIOFACH 2026 - AINIA","description":"BIOFACH 2026 confirma a maturidade do setor biol\u00f3gico europeu, com destaque para prote\u00ednas vegetais, extratos funcionais, reformula\u00e7\u00e3o saud\u00e1vel e economia circular.","robots":{"index":"index","follow":"follow","max-snippet":"max-snippet:-1","max-image-preview":"max-image-preview:large","max-video-preview":"max-video-preview:-1"},"canonical":"https:\/\/www.ainia.com\/pt\/ainia-news\/biofach-2026-tendencias-do-setor-biologico-em-ingredientes-tecnologia-e-economia-circular\/","og_locale":"pt_PT","og_type":"article","og_title":"BIOFACH 2026 - AINIA","og_description":"BIOFACH 2026 confirma a maturidade do setor biol\u00f3gico europeu, com destaque para prote\u00ednas vegetais, extratos funcionais, reformula\u00e7\u00e3o saud\u00e1vel e economia circular.","og_url":"https:\/\/www.ainia.com\/pt\/ainia-news\/biofach-2026-tendencias-do-setor-biologico-em-ingredientes-tecnologia-e-economia-circular\/","og_site_name":"AINIA","article_published_time":"2026-03-05T13:29:00+00:00","article_modified_time":"2026-03-05T13:32:22+00:00","og_image":[{"width":1200,"height":900,"url":"https:\/\/www.ainia.com\/wp-content\/uploads\/2026\/03\/20260209_164012-1-1.jpg","type":"image\/jpeg"}],"author":"Miguel Garc\u00eda","twitter_card":"summary_large_image","twitter_misc":{"Written by":"Miguel Garc\u00eda","Est. reading time":"4 minutes"},"schema":{"@context":"https:\/\/schema.org","@graph":[{"@type":"Article","@id":"https:\/\/www.ainia.com\/pt\/ainia-news\/biofach-2026-tendencias-do-setor-biologico-em-ingredientes-tecnologia-e-economia-circular\/#article","isPartOf":{"@id":"https:\/\/www.ainia.com\/pt\/ainia-news\/biofach-2026-tendencias-do-setor-biologico-em-ingredientes-tecnologia-e-economia-circular\/"},"author":{"name":"Miguel Garc\u00eda","@id":"https:\/\/www.ainia.com\/pt\/#\/schema\/person\/507fd0bad589bbe3d26889351af2d1c5"},"headline":"BIOFACH 2026: tend\u00eancias do setor biol\u00f3gico em ingredientes, tecnologia e economia circular","datePublished":"2026-03-05T13:29:00+00:00","dateModified":"2026-03-05T13:32:22+00:00","mainEntityOfPage":{"@id":"https:\/\/www.ainia.com\/pt\/ainia-news\/biofach-2026-tendencias-do-setor-biologico-em-ingredientes-tecnologia-e-economia-circular\/"},"wordCount":712,"publisher":{"@id":"https:\/\/www.ainia.com\/pt\/#organization"},"image":{"@id":"https:\/\/www.ainia.com\/pt\/ainia-news\/biofach-2026-tendencias-do-setor-biologico-em-ingredientes-tecnologia-e-economia-circular\/#primaryimage"},"thumbnailUrl":"https:\/\/www.ainia.com\/wp-content\/uploads\/2026\/03\/20260209_164012-1-1.jpg","articleSection":["Tend\u00eancias"],"inLanguage":"pt"},{"@type":"WebPage","@id":"https:\/\/www.ainia.com\/pt\/ainia-news\/biofach-2026-tendencias-do-setor-biologico-em-ingredientes-tecnologia-e-economia-circular\/","url":"https:\/\/www.ainia.com\/pt\/ainia-news\/biofach-2026-tendencias-do-setor-biologico-em-ingredientes-tecnologia-e-economia-circular\/","name":"BIOFACH 2026 - AINIA","isPartOf":{"@id":"https:\/\/www.ainia.com\/pt\/#website"},"primaryImageOfPage":{"@id":"https:\/\/www.ainia.com\/pt\/ainia-news\/biofach-2026-tendencias-do-setor-biologico-em-ingredientes-tecnologia-e-economia-circular\/#primaryimage"},"image":{"@id":"https:\/\/www.ainia.com\/pt\/ainia-news\/biofach-2026-tendencias-do-setor-biologico-em-ingredientes-tecnologia-e-economia-circular\/#primaryimage"},"thumbnailUrl":"https:\/\/www.ainia.com\/wp-content\/uploads\/2026\/03\/20260209_164012-1-1.jpg","datePublished":"2026-03-05T13:29:00+00:00","dateModified":"2026-03-05T13:32:22+00:00","description":"BIOFACH 2026 confirma a maturidade do setor biol\u00f3gico europeu, com destaque para prote\u00ednas vegetais, extratos funcionais, reformula\u00e7\u00e3o saud\u00e1vel e economia circular.","breadcrumb":{"@id":"https:\/\/www.ainia.com\/pt\/ainia-news\/biofach-2026-tendencias-do-setor-biologico-em-ingredientes-tecnologia-e-economia-circular\/#breadcrumb"},"inLanguage":"pt","potentialAction":[{"@type":"ReadAction","target":["https:\/\/www.ainia.com\/pt\/ainia-news\/biofach-2026-tendencias-do-setor-biologico-em-ingredientes-tecnologia-e-economia-circular\/"]}]},{"@type":"ImageObject","inLanguage":"pt","@id":"https:\/\/www.ainia.com\/pt\/ainia-news\/biofach-2026-tendencias-do-setor-biologico-em-ingredientes-tecnologia-e-economia-circular\/#primaryimage","url":"https:\/\/www.ainia.com\/wp-content\/uploads\/2026\/03\/20260209_164012-1-1.jpg","contentUrl":"https:\/\/www.ainia.com\/wp-content\/uploads\/2026\/03\/20260209_164012-1-1.jpg","width":1200,"height":900,"caption":"AINIA stand"},{"@type":"BreadcrumbList","@id":"https:\/\/www.ainia.com\/pt\/ainia-news\/biofach-2026-tendencias-do-setor-biologico-em-ingredientes-tecnologia-e-economia-circular\/#breadcrumb","itemListElement":[{"@type":"ListItem","position":1,"name":"Portada","item":"https:\/\/www.ainia.com\/pt\/"},{"@type":"ListItem","position":2,"name":"BIOFACH 2026: tend\u00eancias do setor biol\u00f3gico em ingredientes, tecnologia e economia circular"}]},{"@type":"WebSite","@id":"https:\/\/www.ainia.com\/pt\/#website","url":"https:\/\/www.ainia.com\/pt\/","name":"AINIA","description":"AINIA","publisher":{"@id":"https:\/\/www.ainia.com\/pt\/#organization"},"potentialAction":[{"@type":"SearchAction","target":{"@type":"EntryPoint","urlTemplate":"https:\/\/www.ainia.com\/pt\/?s={search_term_string}"},"query-input":{"@type":"PropertyValueSpecification","valueRequired":true,"valueName":"search_term_string"}}],"inLanguage":"pt"},{"@type":"Organization","@id":"https:\/\/www.ainia.com\/pt\/#organization","name":"Ainia","url":"https:\/\/www.ainia.com\/pt\/","logo":{"@type":"ImageObject","inLanguage":"pt","@id":"https:\/\/www.ainia.com\/pt\/#\/schema\/logo\/image\/","url":"https:\/\/www.ainia.com\/wp-content\/uploads\/2022\/01\/LOGO-AINIA-simple-alta-resolucion-sin-fondo-1.png","contentUrl":"https:\/\/www.ainia.com\/wp-content\/uploads\/2022\/01\/LOGO-AINIA-simple-alta-resolucion-sin-fondo-1.png","width":1000,"height":346,"caption":"Ainia"},"image":{"@id":"https:\/\/www.ainia.com\/pt\/#\/schema\/logo\/image\/"}},{"@type":"Person","@id":"https:\/\/www.ainia.com\/pt\/#\/schema\/person\/507fd0bad589bbe3d26889351af2d1c5","name":"Miguel Garc\u00eda","image":{"@type":"ImageObject","inLanguage":"pt","@id":"https:\/\/secure.gravatar.com\/avatar\/f782ca5c38b3fa085d9148befee5996da7f3b693bfce7acc8dab43a5e57c9b24?s=96&d=mm&r=g","url":"https:\/\/secure.gravatar.com\/avatar\/f782ca5c38b3fa085d9148befee5996da7f3b693bfce7acc8dab43a5e57c9b24?s=96&d=mm&r=g","contentUrl":"https:\/\/secure.gravatar.com\/avatar\/f782ca5c38b3fa085d9148befee5996da7f3b693bfce7acc8dab43a5e57c9b24?s=96&d=mm&r=g","caption":"Miguel Garc\u00eda"},"url":"https:\/\/www.ainia.com\/pt\/ainia-news\/author\/miguel-garcia\/"}]}},"_links":{"self":[{"href":"https:\/\/www.ainia.com\/pt\/wp-json\/wp\/v2\/posts\/188764","targetHints":{"allow":["GET"]}}],"collection":[{"href":"https:\/\/www.ainia.com\/pt\/wp-json\/wp\/v2\/posts"}],"about":[{"href":"https:\/\/www.ainia.com\/pt\/wp-json\/wp\/v2\/types\/post"}],"author":[{"embeddable":true,"href":"https:\/\/www.ainia.com\/pt\/wp-json\/wp\/v2\/users\/249"}],"replies":[{"embeddable":true,"href":"https:\/\/www.ainia.com\/pt\/wp-json\/wp\/v2\/comments?post=188764"}],"version-history":[{"count":5,"href":"https:\/\/www.ainia.com\/pt\/wp-json\/wp\/v2\/posts\/188764\/revisions"}],"predecessor-version":[{"id":188880,"href":"https:\/\/www.ainia.com\/pt\/wp-json\/wp\/v2\/posts\/188764\/revisions\/188880"}],"wp:featuredmedia":[{"embeddable":true,"href":"https:\/\/www.ainia.com\/pt\/wp-json\/wp\/v2\/media\/188747"}],"wp:attachment":[{"href":"https:\/\/www.ainia.com\/pt\/wp-json\/wp\/v2\/media?parent=188764"}],"wp:term":[{"taxonomy":"category","embeddable":true,"href":"https:\/\/www.ainia.com\/pt\/wp-json\/wp\/v2\/categories?post=188764"},{"taxonomy":"post_tag","embeddable":true,"href":"https:\/\/www.ainia.com\/pt\/wp-json\/wp\/v2\/tags?post=188764"}],"curies":[{"name":"wp","href":"https:\/\/api.w.org\/{rel}","templated":true}]}}