{"id":186133,"date":"2026-01-14T10:14:36","date_gmt":"2026-01-14T09:14:36","guid":{"rendered":"https:\/\/www.ainia.com\/?p=186133"},"modified":"2026-01-14T10:16:44","modified_gmt":"2026-01-14T09:16:44","slug":"nias-e-o-seu-enquadramento-legal-a-necessidade-da-avaliacao-do-risco","status":"publish","type":"post","link":"https:\/\/www.ainia.com\/pt\/ainia-news\/nias-e-o-seu-enquadramento-legal-a-necessidade-da-avaliacao-do-risco\/","title":{"rendered":"NIAS e o seu enquadramento legal: a necessidade da avalia\u00e7\u00e3o do risco"},"content":{"rendered":"<html><body><p data-start=\"316\" data-end=\"949\">As <strong data-start=\"319\" data-end=\"366\">NIAS (<em data-start=\"327\" data-end=\"363\">Non-Intentionally Added Substances<\/em>)<\/strong> s\u00e3o compostos qu\u00edmicos de natureza muito diversa que podem surgir nas mat\u00e9rias-primas polim\u00e9ricas, bem como nos produtos finais ou semiacabados delas derivados durante o processamento. Devido ao car\u00e1cter frequentemente desconhecido destas esp\u00e9cies qu\u00edmicas e aos seus potenciais efeitos adversos na sa\u00fade humana, a legisla\u00e7\u00e3o aplic\u00e1vel aos materiais pl\u00e1sticos destinados a entrar em contacto com alimentos tem vindo a dar especial \u00eanfase \u00e0 <a href=\"https:\/\/www.ainia.com\/pt\/servicos-de-laboratorio\/\"><strong data-start=\"807\" data-end=\"838\">avalia\u00e7\u00e3o do risco das NIAS<\/strong>,<\/a> em paralelo com a aplica\u00e7\u00e3o das <strong data-start=\"872\" data-end=\"906\">Boas Pr\u00e1ticas de Fabrico (BPF)<\/strong>, com o objetivo de reduzir a sua presen\u00e7a.<\/p>\n<p data-start=\"951\" data-end=\"1190\">Do ponto de vista legislativo, os princ\u00edpios fundamentais a considerar para as NIAS enquanto materiais em contacto com alimentos assentam nas disposi\u00e7\u00f5es estabelecidas no <strong data-start=\"1122\" data-end=\"1170\">artigo 3.\u00ba do Regulamento (CE) n.\u00ba 1935\/2004<\/strong>, que determina que:<\/p>\n<p data-start=\"1194\" data-end=\"1498\"><em>\u00ab1. Os materiais e objetos, incluindo os materiais e objetos ativos e inteligentes, devem ser fabricados em conformidade com as boas pr\u00e1ticas de fabrico, de modo que, nas condi\u00e7\u00f5es normais ou previs\u00edveis de utiliza\u00e7\u00e3o, n\u00e3o transfiram os seus constituintes para os alimentos em quantidades suscet\u00edveis de:<\/em><\/p>\n<p data-start=\"1503\" data-end=\"1710\"><em>a) constituir um perigo para a sa\u00fade humana; ou<\/em><br data-start=\"1550\" data-end=\"1553\"><em>b) provocar uma modifica\u00e7\u00e3o inaceit\u00e1vel da composi\u00e7\u00e3o dos alimentos; ou<\/em><br data-start=\"1626\" data-end=\"1629\"><em>c) provocar uma deteriora\u00e7\u00e3o das caracter\u00edsticas organol\u00e9pticas dos alimentos.\u00bb<\/em><\/p>\n<p data-start=\"1712\" data-end=\"2201\">Para al\u00e9m do Regulamento (CE) n.\u00ba 1935\/2004, as NIAS s\u00e3o igualmente contempladas no <strong data-start=\"1796\" data-end=\"1828\">Regulamento (UE) n.\u00ba 10\/2011<\/strong>, relativo aos materiais e objetos de mat\u00e9ria pl\u00e1stica destinados a entrar em contacto com alimentos. Este regulamento refere-se \u00e0s NIAS como <em data-start=\"1970\" data-end=\"2022\">\u00absubst\u00e2ncias adicionadas de forma n\u00e3o intencional\u00bb<\/em>, definindo-as como <em data-start=\"2042\" data-end=\"2200\">\u00abuma impureza nas subst\u00e2ncias utilizadas, um produto interm\u00e9dio de rea\u00e7\u00e3o formado durante o processo de produ\u00e7\u00e3o ou um produto de decomposi\u00e7\u00e3o ou de rea\u00e7\u00e3o\u00bb<\/em>.<\/p>\n<p data-start=\"2203\" data-end=\"2609\">Embora o Regulamento (UE) n.\u00ba 10\/2011 reconhe\u00e7a explicitamente as NIAS, a sua regulamenta\u00e7\u00e3o espec\u00edfica permaneceu durante muito tempo pouco desenvolvida. No entanto, na sequ\u00eancia da altera\u00e7\u00e3o introduzida pelo <a href=\"https:\/\/eur-lex.europa.eu\/legal-content\/PT\/TXT\/?uri=OJ%3AL_202500351\"><strong data-start=\"2413\" data-end=\"2442\">Regulamento (UE) 2025\/351<\/strong>,<\/a> as NIAS passaram a estar abrangidas pelo requisito de <strong data-start=\"2498\" data-end=\"2526\">\u00abelevado grau de pureza\u00bb<\/strong>, conforme definido no novo artigo 3.\u00ba, al\u00ednea a), e referido no artigo 8.\u00ba, n.\u00ba 1.<\/p>\n<p data-start=\"2611\" data-end=\"3221\">Esta \u00faltima altera\u00e7\u00e3o regulamenta de forma mais expl\u00edcita a presen\u00e7a de subst\u00e2ncias adicionadas de forma n\u00e3o intencional e introduz a <strong data-start=\"2745\" data-end=\"2833\">obrigatoriedade de incluir informa\u00e7\u00e3o sobre NIAS na Declara\u00e7\u00e3o de Conformidade (DdC)<\/strong>. Deste modo, a seguran\u00e7a \u00e9 refor\u00e7ada ao exigir que a declara\u00e7\u00e3o de conformidade contenha igualmente informa\u00e7\u00e3o sobre NIAS, tais como impurezas, produtos interm\u00e9dios de rea\u00e7\u00e3o e produtos de decomposi\u00e7\u00e3o ou de rea\u00e7\u00e3o formados durante o processo de fabrico do material ou objeto pl\u00e1stico e que possam estar presentes no material ou objeto final destinado a entrar em contacto com alimentos.<\/p>\n<h2 data-start=\"3228\" data-end=\"3272\">NIAS: a necessidade da avalia\u00e7\u00e3o do risco<\/h2>\n<p data-start=\"3274\" data-end=\"3605\">A situa\u00e7\u00e3o regulamentar das NIAS ainda n\u00e3o se encontra totalmente clarificada nem harmonizada. Embora estejam contempladas no Regulamento (UE) n.\u00ba 10\/2011, \u00e9 extremamente complexo definir todos os cen\u00e1rios poss\u00edveis em que estas subst\u00e2ncias podem surgir. Consequentemente, <strong data-start=\"3547\" data-end=\"3587\">a avalia\u00e7\u00e3o do risco \u00e9 indispens\u00e1vel<\/strong> no caso das NIAS.<\/p>\n<p data-start=\"3607\" data-end=\"4243\">Neste contexto, assume particular relev\u00e2ncia o trabalho do <strong data-start=\"3666\" data-end=\"3710\">Bundesinstitut f\u00fcr Risikobewertung (BfR)<\/strong> intitulado <a href=\"https:\/\/www.efsa.europa.eu\/sites\/default\/files\/2025-12\/31_DE_BfR%20NIAS%20concept%20for_12th%20FCM%20Network.pdf\"><em data-start=\"3722\" data-end=\"3824\">\u00abA draft concept for the assessment of non-intentionally added substances in food contact materials\u00bb<\/em><\/a>, apresentado no \u00e2mbito da Rede FCM da EFSA em outubro de 2025. Em conson\u00e2ncia com a posi\u00e7\u00e3o da EFSA, o BfR destaca a complexidade da avalia\u00e7\u00e3o das NIAS devido \u00e0s dificuldades de identifica\u00e7\u00e3o anal\u00edtica, \u00e0 frequente aus\u00eancia de dados toxicol\u00f3gicos e aos elevados custos associados. Em muitos casos, n\u00e3o existem padr\u00f5es anal\u00edticos nem subst\u00e2ncias de refer\u00eancia puras, sendo elevada a incerteza associada \u00e0 quantifica\u00e7\u00e3o.<\/p>\n<p data-start=\"4245\" data-end=\"4335\">Perante esta realidade, o BfR prop\u00f5e uma <strong data-start=\"4286\" data-end=\"4322\">abordagem operacional pragm\u00e1tica<\/strong>, baseada em:<\/p>\n<ul data-start=\"4337\" data-end=\"4697\">\n<li data-start=\"4337\" data-end=\"4401\">\n<p data-start=\"4339\" data-end=\"4401\">um fluxo de trabalho estruturado para a an\u00e1lise e avalia\u00e7\u00e3o;<\/p>\n<\/li>\n<li data-start=\"4402\" data-end=\"4460\">\n<p data-start=\"4404\" data-end=\"4460\">crit\u00e9rios claramente definidos de qualidade anal\u00edtica;<\/p>\n<\/li>\n<li data-start=\"4461\" data-end=\"4539\">\n<p data-start=\"4463\" data-end=\"4539\">uma avalia\u00e7\u00e3o toxicol\u00f3gica proporcional ao n\u00edvel de migra\u00e7\u00e3o identificado;<\/p>\n<\/li>\n<li data-start=\"4540\" data-end=\"4600\">\n<p data-start=\"4542\" data-end=\"4600\">a integra\u00e7\u00e3o de <strong data-start=\"4558\" data-end=\"4597\">NAMs (<em data-start=\"4566\" data-end=\"4594\">New Approach Methodologies<\/em>)<\/strong>;<\/p>\n<\/li>\n<li data-start=\"4601\" data-end=\"4697\">\n<p data-start=\"4603\" data-end=\"4697\">e a aceita\u00e7\u00e3o de NIAS com n\u00edveis de migra\u00e7\u00e3o muito baixos, desde que devidamente justificados.<\/p>\n<\/li>\n<\/ul>\n<p data-start=\"4699\" data-end=\"5329\">A an\u00e1lise desta proposta demonstra que a mesma n\u00e3o contradiz a abordagem da EFSA nem o enquadramento jur\u00eddico da Uni\u00e3o Europeia, mas antes contribui para uma maior clareza operacional e para expectativas mais expl\u00edcitas no que respeita \u00e0 <a href=\"https:\/\/www.ainia.com\/pt\/servicos-de-laboratorio\/\"><strong>avalia\u00e7\u00e3o das NIAS<\/strong><\/a>. Do ponto de vista regulat\u00f3rio e formativo, a mensagem-chave reside na necessidade de <strong data-start=\"5042\" data-end=\"5119\">estrat\u00e9gias de avalia\u00e7\u00e3o bem fundamentadas, proporcionais e transparentes<\/strong>, evitando a aplica\u00e7\u00e3o autom\u00e1tica de ferramentas como o <strong data-start=\"5175\" data-end=\"5221\">TTC (<em data-start=\"5182\" data-end=\"5218\">Threshold of Toxicological Concern<\/em>)<\/strong> e distinguindo claramente entre <strong data-start=\"5254\" data-end=\"5287\">avalia\u00e7\u00e3o cient\u00edfica do risco<\/strong> e <strong data-start=\"5290\" data-end=\"5328\">cumprimento regulamentar de rotina<\/strong>.<\/p>\n<\/body><\/html>","protected":false},"excerpt":{"rendered":"<p>As NIAS (Non-Intentionally Added Substances) s\u00e3o compostos qu\u00edmicos de natureza muito diversa que podem surgir nas mat\u00e9rias-primas polim\u00e9ricas, bem como nos produtos finais ou semiacabados delas derivados durante o processamento. Devido ao car\u00e1cter frequentemente desconhecido destas esp\u00e9cies qu\u00edmicas e aos seus potenciais efeitos adversos na sa\u00fade humana, a legisla\u00e7\u00e3o aplic\u00e1vel aos materiais pl\u00e1sticos destinados a [&hellip;]<\/p>\n","protected":false},"author":215,"featured_media":186134,"comment_status":"closed","ping_status":"closed","sticky":false,"template":"","format":"standard","meta":{"_acf_changed":false,"inline_featured_image":false,"footnotes":""},"categories":[1968],"tags":[],"class_list":["post-186133","post","type-post","status-publish","format-standard","hentry","category-legislacao"],"acf":[],"yoast_head":"<!-- This site is optimized with the Yoast SEO plugin v27.5 - https:\/\/yoast.com\/product\/yoast-seo-wordpress\/ -->\n<title>NIAS e o seu enquadramento legal: a necessidade da avalia\u00e7\u00e3o do risco<\/title>\n<meta name=\"description\" content=\"NIAS em materiais em contacto com alimentos: enquadramento legal, evolu\u00e7\u00f5es regulamentares e necessidade de avalia\u00e7\u00e3o para garantir seguran\u00e7a e conformidade.\" \/>\n<meta name=\"robots\" content=\"index, follow, max-snippet:-1, max-image-preview:large, max-video-preview:-1\" \/>\n<link rel=\"canonical\" href=\"https:\/\/www.ainia.com\/pt\/ainia-news\/nias-e-o-seu-enquadramento-legal-a-necessidade-da-avaliacao-do-risco\/\" \/>\n<meta property=\"og:locale\" content=\"pt_PT\" \/>\n<meta property=\"og:type\" content=\"article\" \/>\n<meta property=\"og:title\" content=\"NIAS e o seu enquadramento legal: a necessidade da avalia\u00e7\u00e3o do risco\" \/>\n<meta property=\"og:description\" content=\"NIAS em materiais em contacto com alimentos: enquadramento legal, evolu\u00e7\u00f5es regulamentares e necessidade de avalia\u00e7\u00e3o para garantir seguran\u00e7a e conformidade.\" \/>\n<meta property=\"og:url\" content=\"https:\/\/www.ainia.com\/pt\/ainia-news\/nias-e-o-seu-enquadramento-legal-a-necessidade-da-avaliacao-do-risco\/\" \/>\n<meta property=\"og:site_name\" content=\"AINIA\" \/>\n<meta property=\"article:published_time\" content=\"2026-01-14T09:14:36+00:00\" \/>\n<meta property=\"article:modified_time\" content=\"2026-01-14T09:16:44+00:00\" \/>\n<meta property=\"og:image\" content=\"https:\/\/www.ainia.com\/wp-content\/uploads\/2021\/12\/laboratorio-quimica-ainia2.jpg\" \/>\n\t<meta property=\"og:image:width\" content=\"2000\" \/>\n\t<meta property=\"og:image:height\" content=\"556\" \/>\n\t<meta property=\"og:image:type\" content=\"image\/jpeg\" \/>\n<meta name=\"author\" content=\"Jos\u00e9 Mar\u00eda Ferrer Villar\" \/>\n<meta name=\"twitter:card\" content=\"summary_large_image\" \/>\n<meta name=\"twitter:creator\" content=\"@JMFVILLAR\" \/>\n<meta name=\"twitter:label1\" content=\"Written by\" \/>\n\t<meta name=\"twitter:data1\" content=\"Jos\u00e9 Mar\u00eda Ferrer Villar\" \/>\n\t<meta name=\"twitter:label2\" content=\"Est. reading time\" \/>\n\t<meta name=\"twitter:data2\" content=\"4 minutes\" \/>\n<script type=\"application\/ld+json\" class=\"yoast-schema-graph\">{\"@context\":\"https:\\\/\\\/schema.org\",\"@graph\":[{\"@type\":\"Article\",\"@id\":\"https:\\\/\\\/www.ainia.com\\\/pt\\\/ainia-news\\\/nias-e-o-seu-enquadramento-legal-a-necessidade-da-avaliacao-do-risco\\\/#article\",\"isPartOf\":{\"@id\":\"https:\\\/\\\/www.ainia.com\\\/pt\\\/ainia-news\\\/nias-e-o-seu-enquadramento-legal-a-necessidade-da-avaliacao-do-risco\\\/\"},\"author\":{\"name\":\"Jos\u00e9 Mar\u00eda Ferrer Villar\",\"@id\":\"https:\\\/\\\/www.ainia.com\\\/pt\\\/#\\\/schema\\\/person\\\/aacedcef426f47522b2f6ef62b92202e\"},\"headline\":\"NIAS e o seu enquadramento legal: a necessidade da avalia\u00e7\u00e3o do risco\",\"datePublished\":\"2026-01-14T09:14:36+00:00\",\"dateModified\":\"2026-01-14T09:16:44+00:00\",\"mainEntityOfPage\":{\"@id\":\"https:\\\/\\\/www.ainia.com\\\/pt\\\/ainia-news\\\/nias-e-o-seu-enquadramento-legal-a-necessidade-da-avaliacao-do-risco\\\/\"},\"wordCount\":818,\"publisher\":{\"@id\":\"https:\\\/\\\/www.ainia.com\\\/pt\\\/#organization\"},\"image\":{\"@id\":\"https:\\\/\\\/www.ainia.com\\\/pt\\\/ainia-news\\\/nias-e-o-seu-enquadramento-legal-a-necessidade-da-avaliacao-do-risco\\\/#primaryimage\"},\"thumbnailUrl\":\"https:\\\/\\\/www.ainia.com\\\/wp-content\\\/uploads\\\/2021\\\/12\\\/laboratorio-quimica-ainia2.jpg\",\"articleSection\":[\"Legisla\u00e7\u00e3o\"],\"inLanguage\":\"pt\"},{\"@type\":\"WebPage\",\"@id\":\"https:\\\/\\\/www.ainia.com\\\/pt\\\/ainia-news\\\/nias-e-o-seu-enquadramento-legal-a-necessidade-da-avaliacao-do-risco\\\/\",\"url\":\"https:\\\/\\\/www.ainia.com\\\/pt\\\/ainia-news\\\/nias-e-o-seu-enquadramento-legal-a-necessidade-da-avaliacao-do-risco\\\/\",\"name\":\"NIAS e o seu enquadramento legal: a necessidade da avalia\u00e7\u00e3o do risco\",\"isPartOf\":{\"@id\":\"https:\\\/\\\/www.ainia.com\\\/pt\\\/#website\"},\"primaryImageOfPage\":{\"@id\":\"https:\\\/\\\/www.ainia.com\\\/pt\\\/ainia-news\\\/nias-e-o-seu-enquadramento-legal-a-necessidade-da-avaliacao-do-risco\\\/#primaryimage\"},\"image\":{\"@id\":\"https:\\\/\\\/www.ainia.com\\\/pt\\\/ainia-news\\\/nias-e-o-seu-enquadramento-legal-a-necessidade-da-avaliacao-do-risco\\\/#primaryimage\"},\"thumbnailUrl\":\"https:\\\/\\\/www.ainia.com\\\/wp-content\\\/uploads\\\/2021\\\/12\\\/laboratorio-quimica-ainia2.jpg\",\"datePublished\":\"2026-01-14T09:14:36+00:00\",\"dateModified\":\"2026-01-14T09:16:44+00:00\",\"description\":\"NIAS em materiais em contacto com alimentos: enquadramento legal, evolu\u00e7\u00f5es regulamentares e necessidade de avalia\u00e7\u00e3o para garantir seguran\u00e7a e conformidade.\",\"breadcrumb\":{\"@id\":\"https:\\\/\\\/www.ainia.com\\\/pt\\\/ainia-news\\\/nias-e-o-seu-enquadramento-legal-a-necessidade-da-avaliacao-do-risco\\\/#breadcrumb\"},\"inLanguage\":\"pt\",\"potentialAction\":[{\"@type\":\"ReadAction\",\"target\":[\"https:\\\/\\\/www.ainia.com\\\/pt\\\/ainia-news\\\/nias-e-o-seu-enquadramento-legal-a-necessidade-da-avaliacao-do-risco\\\/\"]}]},{\"@type\":\"ImageObject\",\"inLanguage\":\"pt\",\"@id\":\"https:\\\/\\\/www.ainia.com\\\/pt\\\/ainia-news\\\/nias-e-o-seu-enquadramento-legal-a-necessidade-da-avaliacao-do-risco\\\/#primaryimage\",\"url\":\"https:\\\/\\\/www.ainia.com\\\/wp-content\\\/uploads\\\/2021\\\/12\\\/laboratorio-quimica-ainia2.jpg\",\"contentUrl\":\"https:\\\/\\\/www.ainia.com\\\/wp-content\\\/uploads\\\/2021\\\/12\\\/laboratorio-quimica-ainia2.jpg\",\"width\":2000,\"height\":556},{\"@type\":\"BreadcrumbList\",\"@id\":\"https:\\\/\\\/www.ainia.com\\\/pt\\\/ainia-news\\\/nias-e-o-seu-enquadramento-legal-a-necessidade-da-avaliacao-do-risco\\\/#breadcrumb\",\"itemListElement\":[{\"@type\":\"ListItem\",\"position\":1,\"name\":\"Portada\",\"item\":\"https:\\\/\\\/www.ainia.com\\\/pt\\\/\"},{\"@type\":\"ListItem\",\"position\":2,\"name\":\"NIAS e o seu enquadramento legal: a necessidade da avalia\u00e7\u00e3o do risco\"}]},{\"@type\":\"WebSite\",\"@id\":\"https:\\\/\\\/www.ainia.com\\\/pt\\\/#website\",\"url\":\"https:\\\/\\\/www.ainia.com\\\/pt\\\/\",\"name\":\"AINIA\",\"description\":\"AINIA\",\"publisher\":{\"@id\":\"https:\\\/\\\/www.ainia.com\\\/pt\\\/#organization\"},\"potentialAction\":[{\"@type\":\"SearchAction\",\"target\":{\"@type\":\"EntryPoint\",\"urlTemplate\":\"https:\\\/\\\/www.ainia.com\\\/pt\\\/?s={search_term_string}\"},\"query-input\":{\"@type\":\"PropertyValueSpecification\",\"valueRequired\":true,\"valueName\":\"search_term_string\"}}],\"inLanguage\":\"pt\"},{\"@type\":\"Organization\",\"@id\":\"https:\\\/\\\/www.ainia.com\\\/pt\\\/#organization\",\"name\":\"Ainia\",\"url\":\"https:\\\/\\\/www.ainia.com\\\/pt\\\/\",\"logo\":{\"@type\":\"ImageObject\",\"inLanguage\":\"pt\",\"@id\":\"https:\\\/\\\/www.ainia.com\\\/pt\\\/#\\\/schema\\\/logo\\\/image\\\/\",\"url\":\"https:\\\/\\\/www.ainia.com\\\/wp-content\\\/uploads\\\/2022\\\/01\\\/LOGO-AINIA-simple-alta-resolucion-sin-fondo-1.png\",\"contentUrl\":\"https:\\\/\\\/www.ainia.com\\\/wp-content\\\/uploads\\\/2022\\\/01\\\/LOGO-AINIA-simple-alta-resolucion-sin-fondo-1.png\",\"width\":1000,\"height\":346,\"caption\":\"Ainia\"},\"image\":{\"@id\":\"https:\\\/\\\/www.ainia.com\\\/pt\\\/#\\\/schema\\\/logo\\\/image\\\/\"}},{\"@type\":\"Person\",\"@id\":\"https:\\\/\\\/www.ainia.com\\\/pt\\\/#\\\/schema\\\/person\\\/aacedcef426f47522b2f6ef62b92202e\",\"name\":\"Jos\u00e9 Mar\u00eda Ferrer Villar\",\"image\":{\"@type\":\"ImageObject\",\"inLanguage\":\"pt\",\"@id\":\"https:\\\/\\\/secure.gravatar.com\\\/avatar\\\/84a3e86368148c8b5ca69c3c8bd8774bc8ab891e1e512db95c1534d4db0590b2?s=96&d=mm&r=g\",\"url\":\"https:\\\/\\\/secure.gravatar.com\\\/avatar\\\/84a3e86368148c8b5ca69c3c8bd8774bc8ab891e1e512db95c1534d4db0590b2?s=96&d=mm&r=g\",\"contentUrl\":\"https:\\\/\\\/secure.gravatar.com\\\/avatar\\\/84a3e86368148c8b5ca69c3c8bd8774bc8ab891e1e512db95c1534d4db0590b2?s=96&d=mm&r=g\",\"caption\":\"Jos\u00e9 Mar\u00eda Ferrer Villar\"},\"description\":\"Responsable de Asuntos Regulatorios Alimentarios.. Formaci\u00f3n\",\"sameAs\":[\"https:\\\/\\\/www.ainia.com\\\/contactar-jose-maria-ferrer\\\/\",\"www.linkedin.com\\\/in\\\/jmferrervillarderechoalimentario\",\"https:\\\/\\\/x.com\\\/JMFVILLAR\"],\"url\":\"https:\\\/\\\/www.ainia.com\\\/pt\\\/ainia-news\\\/author\\\/jose-maria-ferrer-villar\\\/\"}]}<\/script>\n<!-- \/ Yoast SEO plugin. -->","yoast_head_json":{"title":"NIAS e o seu enquadramento legal: a necessidade da avalia\u00e7\u00e3o do risco","description":"NIAS em materiais em contacto com alimentos: enquadramento legal, evolu\u00e7\u00f5es regulamentares e necessidade de avalia\u00e7\u00e3o para garantir seguran\u00e7a e conformidade.","robots":{"index":"index","follow":"follow","max-snippet":"max-snippet:-1","max-image-preview":"max-image-preview:large","max-video-preview":"max-video-preview:-1"},"canonical":"https:\/\/www.ainia.com\/pt\/ainia-news\/nias-e-o-seu-enquadramento-legal-a-necessidade-da-avaliacao-do-risco\/","og_locale":"pt_PT","og_type":"article","og_title":"NIAS e o seu enquadramento legal: a necessidade da avalia\u00e7\u00e3o do risco","og_description":"NIAS em materiais em contacto com alimentos: enquadramento legal, evolu\u00e7\u00f5es regulamentares e necessidade de avalia\u00e7\u00e3o para garantir seguran\u00e7a e conformidade.","og_url":"https:\/\/www.ainia.com\/pt\/ainia-news\/nias-e-o-seu-enquadramento-legal-a-necessidade-da-avaliacao-do-risco\/","og_site_name":"AINIA","article_published_time":"2026-01-14T09:14:36+00:00","article_modified_time":"2026-01-14T09:16:44+00:00","og_image":[{"width":2000,"height":556,"url":"https:\/\/www.ainia.com\/wp-content\/uploads\/2021\/12\/laboratorio-quimica-ainia2.jpg","type":"image\/jpeg"}],"author":"Jos\u00e9 Mar\u00eda Ferrer Villar","twitter_card":"summary_large_image","twitter_creator":"@JMFVILLAR","twitter_misc":{"Written by":"Jos\u00e9 Mar\u00eda Ferrer Villar","Est. reading time":"4 minutes"},"schema":{"@context":"https:\/\/schema.org","@graph":[{"@type":"Article","@id":"https:\/\/www.ainia.com\/pt\/ainia-news\/nias-e-o-seu-enquadramento-legal-a-necessidade-da-avaliacao-do-risco\/#article","isPartOf":{"@id":"https:\/\/www.ainia.com\/pt\/ainia-news\/nias-e-o-seu-enquadramento-legal-a-necessidade-da-avaliacao-do-risco\/"},"author":{"name":"Jos\u00e9 Mar\u00eda Ferrer Villar","@id":"https:\/\/www.ainia.com\/pt\/#\/schema\/person\/aacedcef426f47522b2f6ef62b92202e"},"headline":"NIAS e o seu enquadramento legal: a necessidade da avalia\u00e7\u00e3o do risco","datePublished":"2026-01-14T09:14:36+00:00","dateModified":"2026-01-14T09:16:44+00:00","mainEntityOfPage":{"@id":"https:\/\/www.ainia.com\/pt\/ainia-news\/nias-e-o-seu-enquadramento-legal-a-necessidade-da-avaliacao-do-risco\/"},"wordCount":818,"publisher":{"@id":"https:\/\/www.ainia.com\/pt\/#organization"},"image":{"@id":"https:\/\/www.ainia.com\/pt\/ainia-news\/nias-e-o-seu-enquadramento-legal-a-necessidade-da-avaliacao-do-risco\/#primaryimage"},"thumbnailUrl":"https:\/\/www.ainia.com\/wp-content\/uploads\/2021\/12\/laboratorio-quimica-ainia2.jpg","articleSection":["Legisla\u00e7\u00e3o"],"inLanguage":"pt"},{"@type":"WebPage","@id":"https:\/\/www.ainia.com\/pt\/ainia-news\/nias-e-o-seu-enquadramento-legal-a-necessidade-da-avaliacao-do-risco\/","url":"https:\/\/www.ainia.com\/pt\/ainia-news\/nias-e-o-seu-enquadramento-legal-a-necessidade-da-avaliacao-do-risco\/","name":"NIAS e o seu enquadramento legal: a necessidade da avalia\u00e7\u00e3o do risco","isPartOf":{"@id":"https:\/\/www.ainia.com\/pt\/#website"},"primaryImageOfPage":{"@id":"https:\/\/www.ainia.com\/pt\/ainia-news\/nias-e-o-seu-enquadramento-legal-a-necessidade-da-avaliacao-do-risco\/#primaryimage"},"image":{"@id":"https:\/\/www.ainia.com\/pt\/ainia-news\/nias-e-o-seu-enquadramento-legal-a-necessidade-da-avaliacao-do-risco\/#primaryimage"},"thumbnailUrl":"https:\/\/www.ainia.com\/wp-content\/uploads\/2021\/12\/laboratorio-quimica-ainia2.jpg","datePublished":"2026-01-14T09:14:36+00:00","dateModified":"2026-01-14T09:16:44+00:00","description":"NIAS em materiais em contacto com alimentos: enquadramento legal, evolu\u00e7\u00f5es regulamentares e necessidade de avalia\u00e7\u00e3o para garantir seguran\u00e7a e conformidade.","breadcrumb":{"@id":"https:\/\/www.ainia.com\/pt\/ainia-news\/nias-e-o-seu-enquadramento-legal-a-necessidade-da-avaliacao-do-risco\/#breadcrumb"},"inLanguage":"pt","potentialAction":[{"@type":"ReadAction","target":["https:\/\/www.ainia.com\/pt\/ainia-news\/nias-e-o-seu-enquadramento-legal-a-necessidade-da-avaliacao-do-risco\/"]}]},{"@type":"ImageObject","inLanguage":"pt","@id":"https:\/\/www.ainia.com\/pt\/ainia-news\/nias-e-o-seu-enquadramento-legal-a-necessidade-da-avaliacao-do-risco\/#primaryimage","url":"https:\/\/www.ainia.com\/wp-content\/uploads\/2021\/12\/laboratorio-quimica-ainia2.jpg","contentUrl":"https:\/\/www.ainia.com\/wp-content\/uploads\/2021\/12\/laboratorio-quimica-ainia2.jpg","width":2000,"height":556},{"@type":"BreadcrumbList","@id":"https:\/\/www.ainia.com\/pt\/ainia-news\/nias-e-o-seu-enquadramento-legal-a-necessidade-da-avaliacao-do-risco\/#breadcrumb","itemListElement":[{"@type":"ListItem","position":1,"name":"Portada","item":"https:\/\/www.ainia.com\/pt\/"},{"@type":"ListItem","position":2,"name":"NIAS e o seu enquadramento legal: a necessidade da avalia\u00e7\u00e3o do risco"}]},{"@type":"WebSite","@id":"https:\/\/www.ainia.com\/pt\/#website","url":"https:\/\/www.ainia.com\/pt\/","name":"AINIA","description":"AINIA","publisher":{"@id":"https:\/\/www.ainia.com\/pt\/#organization"},"potentialAction":[{"@type":"SearchAction","target":{"@type":"EntryPoint","urlTemplate":"https:\/\/www.ainia.com\/pt\/?s={search_term_string}"},"query-input":{"@type":"PropertyValueSpecification","valueRequired":true,"valueName":"search_term_string"}}],"inLanguage":"pt"},{"@type":"Organization","@id":"https:\/\/www.ainia.com\/pt\/#organization","name":"Ainia","url":"https:\/\/www.ainia.com\/pt\/","logo":{"@type":"ImageObject","inLanguage":"pt","@id":"https:\/\/www.ainia.com\/pt\/#\/schema\/logo\/image\/","url":"https:\/\/www.ainia.com\/wp-content\/uploads\/2022\/01\/LOGO-AINIA-simple-alta-resolucion-sin-fondo-1.png","contentUrl":"https:\/\/www.ainia.com\/wp-content\/uploads\/2022\/01\/LOGO-AINIA-simple-alta-resolucion-sin-fondo-1.png","width":1000,"height":346,"caption":"Ainia"},"image":{"@id":"https:\/\/www.ainia.com\/pt\/#\/schema\/logo\/image\/"}},{"@type":"Person","@id":"https:\/\/www.ainia.com\/pt\/#\/schema\/person\/aacedcef426f47522b2f6ef62b92202e","name":"Jos\u00e9 Mar\u00eda Ferrer Villar","image":{"@type":"ImageObject","inLanguage":"pt","@id":"https:\/\/secure.gravatar.com\/avatar\/84a3e86368148c8b5ca69c3c8bd8774bc8ab891e1e512db95c1534d4db0590b2?s=96&d=mm&r=g","url":"https:\/\/secure.gravatar.com\/avatar\/84a3e86368148c8b5ca69c3c8bd8774bc8ab891e1e512db95c1534d4db0590b2?s=96&d=mm&r=g","contentUrl":"https:\/\/secure.gravatar.com\/avatar\/84a3e86368148c8b5ca69c3c8bd8774bc8ab891e1e512db95c1534d4db0590b2?s=96&d=mm&r=g","caption":"Jos\u00e9 Mar\u00eda Ferrer Villar"},"description":"Responsable de Asuntos Regulatorios Alimentarios.. Formaci\u00f3n","sameAs":["https:\/\/www.ainia.com\/contactar-jose-maria-ferrer\/","www.linkedin.com\/in\/jmferrervillarderechoalimentario","https:\/\/x.com\/JMFVILLAR"],"url":"https:\/\/www.ainia.com\/pt\/ainia-news\/author\/jose-maria-ferrer-villar\/"}]}},"_links":{"self":[{"href":"https:\/\/www.ainia.com\/pt\/wp-json\/wp\/v2\/posts\/186133","targetHints":{"allow":["GET"]}}],"collection":[{"href":"https:\/\/www.ainia.com\/pt\/wp-json\/wp\/v2\/posts"}],"about":[{"href":"https:\/\/www.ainia.com\/pt\/wp-json\/wp\/v2\/types\/post"}],"author":[{"embeddable":true,"href":"https:\/\/www.ainia.com\/pt\/wp-json\/wp\/v2\/users\/215"}],"replies":[{"embeddable":true,"href":"https:\/\/www.ainia.com\/pt\/wp-json\/wp\/v2\/comments?post=186133"}],"version-history":[{"count":1,"href":"https:\/\/www.ainia.com\/pt\/wp-json\/wp\/v2\/posts\/186133\/revisions"}],"predecessor-version":[{"id":186135,"href":"https:\/\/www.ainia.com\/pt\/wp-json\/wp\/v2\/posts\/186133\/revisions\/186135"}],"wp:featuredmedia":[{"embeddable":true,"href":"https:\/\/www.ainia.com\/pt\/wp-json\/wp\/v2\/media\/186134"}],"wp:attachment":[{"href":"https:\/\/www.ainia.com\/pt\/wp-json\/wp\/v2\/media?parent=186133"}],"wp:term":[{"taxonomy":"category","embeddable":true,"href":"https:\/\/www.ainia.com\/pt\/wp-json\/wp\/v2\/categories?post=186133"},{"taxonomy":"post_tag","embeddable":true,"href":"https:\/\/www.ainia.com\/pt\/wp-json\/wp\/v2\/tags?post=186133"}],"curies":[{"name":"wp","href":"https:\/\/api.w.org\/{rel}","templated":true}]}}