{"id":180874,"date":"2025-07-09T12:09:15","date_gmt":"2025-07-09T10:09:15","guid":{"rendered":"https:\/\/www.ainia.com\/?p=180874"},"modified":"2025-07-09T12:10:09","modified_gmt":"2025-07-09T10:10:09","slug":"economia-circular-cosmeticos-e-embalagens-sustentaveis-para-cosmeticos","status":"publish","type":"post","link":"https:\/\/www.ainia.com\/pt\/ainia-news\/economia-circular-cosmeticos-e-embalagens-sustentaveis-para-cosmeticos\/","title":{"rendered":"Economia Circular: Cosm\u00e9ticos e Embalagens Sustent\u00e1veis para Cosm\u00e9ticos"},"content":{"rendered":"<html><body><div class=\"wpb-content-wrapper\"><p data-start=\"333\" data-end=\"757\">[vc_row][vc_column][vc_column_text css=\u201d\u201d]Na vanguarda da inova\u00e7\u00e3o em <strong data-start=\"361\" data-end=\"388\">cosm\u00e9ticos sustent\u00e1veis<\/strong>, desenvolvemos um estudo centrado na<strong> microencapsula\u00e7\u00e3o de polifen\u00f3is extra\u00eddos do alpeorujo,<\/strong> um subproduto da produ\u00e7\u00e3o de azeite. Este trabalho, publicado na revista cient\u00edfica <em data-start=\"566\" data-end=\"577\">Cosmetics<\/em>, demonstra como a microencapsula\u00e7\u00e3o melhora a estabilidade e a efic\u00e1cia dos polifen\u00f3is em aplica\u00e7\u00f5es cosm\u00e9ticas, promovendo a sustentabilidade e a inova\u00e7\u00e3o na ind\u00fastria cosm\u00e9tica.<\/p>\n<h2 data-start=\"759\" data-end=\"836\"><strong data-start=\"759\" data-end=\"836\">Polifen\u00f3is Revalorizados: Ingredientes-Chave para Cosm\u00e9ticos Sustent\u00e1veis<\/strong><\/h2>\n<p data-start=\"838\" data-end=\"1171\">De acordo com os<strong> princ\u00edpios da economia circular<\/strong>, a ind\u00fastria de cosm\u00e9ticos tem vindo a explorar formas de extrair e reaproveitar compostos ativos presentes em subprodutos de outras ind\u00fastrias. O alpeorujo, gerado ap\u00f3s a extra\u00e7\u00e3o do azeite, \u00e9 um desses subprodutos, tradicionalmente utilizado para compostagem ou produ\u00e7\u00e3o de energia.<\/p>\n<p data-start=\"1173\" data-end=\"1582\">Contudo, o alpeorujo \u00e9 rico em polifen\u00f3is, compostos naturais com elevadas propriedades antioxidantes, conhecidos por neutralizar radicais livres e proporcionar benef\u00edcios significativos para a sa\u00fade da pele. Ao recuperar e reutilizar estes compostos, o setor cosm\u00e9tico consegue integrar ingredientes valiosos e de origem natural em formula\u00e7\u00f5es inovadoras, promovendo a cria\u00e7\u00e3o de <strong data-start=\"1554\" data-end=\"1581\">cosm\u00e9ticos sustent\u00e1veis<\/strong>.<\/p>\n<h2 data-start=\"1584\" data-end=\"1664\"><strong data-start=\"1584\" data-end=\"1664\">Microencapsula\u00e7\u00e3o: Proteger Compostos Bioativos para Cosm\u00e9ticos Sustent\u00e1veis<\/strong><\/h2>\n<p data-start=\"1666\" data-end=\"1950\">Os polifen\u00f3is s\u00e3o ingredientes altamente promissores para <strong data-start=\"1724\" data-end=\"1751\">cosm\u00e9ticos sustent\u00e1veis<\/strong>, sobretudo em produtos destinados \u00e0 prote\u00e7\u00e3o da pele contra o stress oxidativo. No entanto, s\u00e3o tamb\u00e9m compostos sens\u00edveis a fatores externos como luz e calor, o que pode comprometer a sua efic\u00e1cia.<\/p>\n<p data-start=\"1952\" data-end=\"2206\">A <strong>microencapsula\u00e7\u00e3o<\/strong> surge como uma solu\u00e7\u00e3o eficaz. Ao<a href=\"https:\/\/www.ainia.com\/pt\/microencapsulacao\/\"><strong> encapsular polifen\u00f3is com materiais apropriados<\/strong><\/a>, \u00e9 poss\u00edvel reduzir a oxida\u00e7\u00e3o e a degrada\u00e7\u00e3o, permitindo a sua incorpora\u00e7\u00e3o em produtos cosm\u00e9ticos t\u00f3picos, preservando as suas propriedades bioativas.<\/p>\n<p data-start=\"2208\" data-end=\"2723\">No nosso estudo, os polifen\u00f3is extra\u00eddos do alpeorujo foram microencapsulados juntamente com um fator de crescimento patenteado pela empresa Inves Biofarm. Esta abordagem inovadora teve como objetivo prolongar a durabilidade dos compostos, melhorar a absor\u00e7\u00e3o cut\u00e2nea, reduzir a degrada\u00e7\u00e3o por fatores externos e minimizar efeitos sensoriais indesejados. Al\u00e9m disso, avaliou-se a atividade biol\u00f3gica destes polifen\u00f3is antes da sua integra\u00e7\u00e3o numa formula\u00e7\u00e3o cosm\u00e9tica t\u00f3pica para refor\u00e7ar a fun\u00e7\u00e3o barreira da pele.<\/p>\n<h2 data-start=\"2725\" data-end=\"2783\"><strong data-start=\"2725\" data-end=\"2783\">Evid\u00eancia Cl\u00ednica: Inova\u00e7\u00e3o em Cosm\u00e9ticos Sustent\u00e1veis<\/strong><\/h2>\n<p data-start=\"2785\" data-end=\"3039\">A efic\u00e1cia desta formula\u00e7\u00e3o foi testada num estudo cl\u00ednico com 30 volunt\u00e1rios saud\u00e1veis, sem doen\u00e7as cut\u00e2neas. Ap\u00f3s apenas uma semana de utiliza\u00e7\u00e3o, registaram-se melhorias significativas em par\u00e2metros como hidrata\u00e7\u00e3o, temperatura e elasticidade da pele.<\/p>\n<p data-start=\"3041\" data-end=\"3382\">Os resultados deste estudo completo foram publicados no artigo cient\u00edfico \u201c<a href=\"https:\/\/www.mdpi.com\/2079-9284\/11\/6\/198\">Microencapsulation, Cream Development, and Controlled Clinical Study of an Upcycled Polyphenolic Extract Combined with sh-Oligopeptide-1<\/a>\u201d na revista <em data-start=\"3265\" data-end=\"3276\">Cosmetics<\/em>, destacando o p<strong>apel da economia circular na cria\u00e7\u00e3o de cosm\u00e9ticos sustent\u00e1veis eficazes e inovadores.<\/strong><\/p>\n<h2 data-start=\"3384\" data-end=\"3453\"><strong data-start=\"3384\" data-end=\"3453\">Integra\u00e7\u00e3o de Embalagens Sustent\u00e1veis para Cosm\u00e9ticos na Inova\u00e7\u00e3o<\/strong><\/h2>\n<p data-start=\"3455\" data-end=\"3884\">Para al\u00e9m das formula\u00e7\u00f5es cosm\u00e9ticas, a <a href=\"https:\/\/www.ainia.com\/pt\/microencapsulacao\/\"><strong>microencapsula\u00e7\u00e3o<\/strong><\/a> assume tamb\u00e9m um papel essencial no desenvolvimento de <strong data-start=\"3568\" data-end=\"3611\">embalagens sustent\u00e1veis para cosm\u00e9ticos<\/strong>. Ao incorporar microc\u00e1psulas nos materiais das embalagens, \u00e9 poss\u00edvel melhorar a resist\u00eancia mec\u00e2nica, prolongar o prazo de validade dos produtos e introduzir propriedades antimicrobianas, uma abordagem que se alinha perfeitamente com as estrat\u00e9gias de economia circular.<\/p>\n<p data-start=\"3886\" data-end=\"4330\">Por exemplo, compostos antioxidantes microencapsulados podem ser incorporados em pol\u00edmeros de origem biol\u00f3gica, criando embalagens ativas que retardam o processo de oxida\u00e7\u00e3o, preservando a qualidade dos produtos cosm\u00e9ticos. Adicionalmente, extratos naturais e aditivos podem ser integrados no material da embalagem durante a produ\u00e7\u00e3o, permitindo a liberta\u00e7\u00e3o controlada de subst\u00e2ncias ativas e aumentando a resist\u00eancia t\u00e9rmica e a durabilidade.<\/p>\n<p data-start=\"4332\" data-end=\"4619\">Esta integra\u00e7\u00e3o da microencapsula\u00e7\u00e3o tanto nas formula\u00e7\u00f5es como nas <strong data-start=\"4400\" data-end=\"4443\">embalagens sustent\u00e1veis para cosm\u00e9ticos<\/strong> representa um caminho inovador e completo para cosm\u00e9ticos verdadeiramente sustent\u00e1veis, aplicando os princ\u00edpios da circularidade em todas as fases do ciclo de vida do produto.<\/p>\n<p data-start=\"4332\" data-end=\"4619\"><img decoding=\"async\" class=\"alignnone wp-image-176564 size-large\" src=\"https:\/\/www.ainia.com\/wp-content\/uploads\/2024\/12\/IVACEi_GENERALITAT_01_CONSELLERIA-1-1024x262.jpg\" alt=\"IVACE+i logo\" width=\"1024\" height=\"262\" srcset=\"https:\/\/www.ainia.com\/wp-content\/uploads\/2024\/12\/IVACEi_GENERALITAT_01_CONSELLERIA-1-1024x262.jpg 1024w, https:\/\/www.ainia.com\/wp-content\/uploads\/2024\/12\/IVACEi_GENERALITAT_01_CONSELLERIA-1-300x77.jpg 300w, https:\/\/www.ainia.com\/wp-content\/uploads\/2024\/12\/IVACEi_GENERALITAT_01_CONSELLERIA-1-768x197.jpg 768w, https:\/\/www.ainia.com\/wp-content\/uploads\/2024\/12\/IVACEi_GENERALITAT_01_CONSELLERIA-1-1536x394.jpg 1536w, https:\/\/www.ainia.com\/wp-content\/uploads\/2024\/12\/IVACEi_GENERALITAT_01_CONSELLERIA-1.jpg 1631w\" sizes=\"(max-width: 1024px) 100vw, 1024px\">[\/vc_column_text][\/vc_column][\/vc_row]<\/p>\n<\/div><\/body><\/html>","protected":false},"excerpt":{"rendered":"<p>[vc_row][vc_column][vc_column_text css=\u201d\u201d]Na vanguarda da inova\u00e7\u00e3o em cosm\u00e9ticos sustent\u00e1veis, desenvolvemos um estudo centrado na microencapsula\u00e7\u00e3o de polifen\u00f3is extra\u00eddos do alpeorujo, um subproduto da produ\u00e7\u00e3o de azeite. Este trabalho, publicado na revista cient\u00edfica Cosmetics, demonstra como a microencapsula\u00e7\u00e3o melhora a estabilidade e a efic\u00e1cia dos polifen\u00f3is em aplica\u00e7\u00f5es cosm\u00e9ticas, promovendo a sustentabilidade e a inova\u00e7\u00e3o na ind\u00fastria [&hellip;]<\/p>\n","protected":false},"author":172,"featured_media":176359,"comment_status":"closed","ping_status":"closed","sticky":false,"template":"","format":"standard","meta":{"_acf_changed":false,"inline_featured_image":false,"footnotes":""},"categories":[1963],"tags":[],"class_list":["post-180874","post","type-post","status-publish","format-standard","hentry","category-inovacao-tecnologica"],"acf":[],"yoast_head":"<!-- This site is optimized with the Yoast SEO plugin v27.5 - https:\/\/yoast.com\/product\/yoast-seo-wordpress\/ -->\n<title>Inova\u00e7\u00e3o em Cosm\u00e9ticos Sustent\u00e1veis e Embalagens Sustent\u00e1veis<\/title>\n<meta name=\"description\" content=\"Descubra como a microencapsula\u00e7\u00e3o impulsiona cosm\u00e9ticos sustent\u00e1veis e embalagens sustent\u00e1veis para cosm\u00e9ticos, promovendo inova\u00e7\u00e3o e economia circular.\" \/>\n<meta name=\"robots\" content=\"index, follow, max-snippet:-1, max-image-preview:large, max-video-preview:-1\" \/>\n<link rel=\"canonical\" href=\"https:\/\/www.ainia.com\/pt\/ainia-news\/economia-circular-cosmeticos-e-embalagens-sustentaveis-para-cosmeticos\/\" \/>\n<meta property=\"og:locale\" content=\"pt_PT\" \/>\n<meta property=\"og:type\" content=\"article\" \/>\n<meta property=\"og:title\" content=\"Inova\u00e7\u00e3o em Cosm\u00e9ticos Sustent\u00e1veis e Embalagens Sustent\u00e1veis\" \/>\n<meta property=\"og:description\" content=\"Descubra como a microencapsula\u00e7\u00e3o impulsiona cosm\u00e9ticos sustent\u00e1veis e embalagens sustent\u00e1veis para cosm\u00e9ticos, promovendo inova\u00e7\u00e3o e economia circular.\" \/>\n<meta property=\"og:url\" content=\"https:\/\/www.ainia.com\/pt\/ainia-news\/economia-circular-cosmeticos-e-embalagens-sustentaveis-para-cosmeticos\/\" \/>\n<meta property=\"og:site_name\" content=\"AINIA\" \/>\n<meta property=\"article:published_time\" content=\"2025-07-09T10:09:15+00:00\" \/>\n<meta property=\"article:modified_time\" content=\"2025-07-09T10:10:09+00:00\" \/>\n<meta property=\"og:image\" content=\"https:\/\/www.ainia.com\/wp-content\/uploads\/2024\/12\/cosmetica-microencapsulacion-2.jpg\" \/>\n\t<meta property=\"og:image:width\" content=\"1200\" \/>\n\t<meta property=\"og:image:height\" content=\"800\" \/>\n\t<meta property=\"og:image:type\" content=\"image\/jpeg\" \/>\n<meta name=\"author\" content=\"Ana Valera\" \/>\n<meta name=\"twitter:card\" content=\"summary_large_image\" \/>\n<meta name=\"twitter:label1\" content=\"Written by\" \/>\n\t<meta name=\"twitter:data1\" content=\"Ana Valera\" \/>\n\t<meta name=\"twitter:label2\" content=\"Est. reading time\" \/>\n\t<meta name=\"twitter:data2\" content=\"3 minutes\" \/>\n<script type=\"application\/ld+json\" class=\"yoast-schema-graph\">{\"@context\":\"https:\\\/\\\/schema.org\",\"@graph\":[{\"@type\":\"Article\",\"@id\":\"https:\\\/\\\/www.ainia.com\\\/pt\\\/ainia-news\\\/economia-circular-cosmeticos-e-embalagens-sustentaveis-para-cosmeticos\\\/#article\",\"isPartOf\":{\"@id\":\"https:\\\/\\\/www.ainia.com\\\/pt\\\/ainia-news\\\/economia-circular-cosmeticos-e-embalagens-sustentaveis-para-cosmeticos\\\/\"},\"author\":{\"name\":\"Ana Valera\",\"@id\":\"https:\\\/\\\/www.ainia.com\\\/pt\\\/#\\\/schema\\\/person\\\/1b9794fdb9f68cf021407b63b1723aa6\"},\"headline\":\"Economia Circular: Cosm\u00e9ticos e Embalagens Sustent\u00e1veis para Cosm\u00e9ticos\",\"datePublished\":\"2025-07-09T10:09:15+00:00\",\"dateModified\":\"2025-07-09T10:10:09+00:00\",\"mainEntityOfPage\":{\"@id\":\"https:\\\/\\\/www.ainia.com\\\/pt\\\/ainia-news\\\/economia-circular-cosmeticos-e-embalagens-sustentaveis-para-cosmeticos\\\/\"},\"wordCount\":698,\"publisher\":{\"@id\":\"https:\\\/\\\/www.ainia.com\\\/pt\\\/#organization\"},\"image\":{\"@id\":\"https:\\\/\\\/www.ainia.com\\\/pt\\\/ainia-news\\\/economia-circular-cosmeticos-e-embalagens-sustentaveis-para-cosmeticos\\\/#primaryimage\"},\"thumbnailUrl\":\"https:\\\/\\\/www.ainia.com\\\/wp-content\\\/uploads\\\/2024\\\/12\\\/cosmetica-microencapsulacion-2.jpg\",\"articleSection\":[\"Inova\u00e7\u00e3o tecnol\u00f3gica\"],\"inLanguage\":\"pt\"},{\"@type\":\"WebPage\",\"@id\":\"https:\\\/\\\/www.ainia.com\\\/pt\\\/ainia-news\\\/economia-circular-cosmeticos-e-embalagens-sustentaveis-para-cosmeticos\\\/\",\"url\":\"https:\\\/\\\/www.ainia.com\\\/pt\\\/ainia-news\\\/economia-circular-cosmeticos-e-embalagens-sustentaveis-para-cosmeticos\\\/\",\"name\":\"Inova\u00e7\u00e3o em Cosm\u00e9ticos Sustent\u00e1veis e Embalagens Sustent\u00e1veis\",\"isPartOf\":{\"@id\":\"https:\\\/\\\/www.ainia.com\\\/pt\\\/#website\"},\"primaryImageOfPage\":{\"@id\":\"https:\\\/\\\/www.ainia.com\\\/pt\\\/ainia-news\\\/economia-circular-cosmeticos-e-embalagens-sustentaveis-para-cosmeticos\\\/#primaryimage\"},\"image\":{\"@id\":\"https:\\\/\\\/www.ainia.com\\\/pt\\\/ainia-news\\\/economia-circular-cosmeticos-e-embalagens-sustentaveis-para-cosmeticos\\\/#primaryimage\"},\"thumbnailUrl\":\"https:\\\/\\\/www.ainia.com\\\/wp-content\\\/uploads\\\/2024\\\/12\\\/cosmetica-microencapsulacion-2.jpg\",\"datePublished\":\"2025-07-09T10:09:15+00:00\",\"dateModified\":\"2025-07-09T10:10:09+00:00\",\"description\":\"Descubra como a microencapsula\u00e7\u00e3o impulsiona cosm\u00e9ticos sustent\u00e1veis e embalagens sustent\u00e1veis para cosm\u00e9ticos, promovendo inova\u00e7\u00e3o e economia circular.\",\"breadcrumb\":{\"@id\":\"https:\\\/\\\/www.ainia.com\\\/pt\\\/ainia-news\\\/economia-circular-cosmeticos-e-embalagens-sustentaveis-para-cosmeticos\\\/#breadcrumb\"},\"inLanguage\":\"pt\",\"potentialAction\":[{\"@type\":\"ReadAction\",\"target\":[\"https:\\\/\\\/www.ainia.com\\\/pt\\\/ainia-news\\\/economia-circular-cosmeticos-e-embalagens-sustentaveis-para-cosmeticos\\\/\"]}]},{\"@type\":\"ImageObject\",\"inLanguage\":\"pt\",\"@id\":\"https:\\\/\\\/www.ainia.com\\\/pt\\\/ainia-news\\\/economia-circular-cosmeticos-e-embalagens-sustentaveis-para-cosmeticos\\\/#primaryimage\",\"url\":\"https:\\\/\\\/www.ainia.com\\\/wp-content\\\/uploads\\\/2024\\\/12\\\/cosmetica-microencapsulacion-2.jpg\",\"contentUrl\":\"https:\\\/\\\/www.ainia.com\\\/wp-content\\\/uploads\\\/2024\\\/12\\\/cosmetica-microencapsulacion-2.jpg\",\"width\":1200,\"height\":800,\"caption\":\"cosm\u00e9tica micrencapsulaci\u00f3n\"},{\"@type\":\"BreadcrumbList\",\"@id\":\"https:\\\/\\\/www.ainia.com\\\/pt\\\/ainia-news\\\/economia-circular-cosmeticos-e-embalagens-sustentaveis-para-cosmeticos\\\/#breadcrumb\",\"itemListElement\":[{\"@type\":\"ListItem\",\"position\":1,\"name\":\"Portada\",\"item\":\"https:\\\/\\\/www.ainia.com\\\/pt\\\/\"},{\"@type\":\"ListItem\",\"position\":2,\"name\":\"Economia Circular: Cosm\u00e9ticos e Embalagens Sustent\u00e1veis para Cosm\u00e9ticos\"}]},{\"@type\":\"WebSite\",\"@id\":\"https:\\\/\\\/www.ainia.com\\\/pt\\\/#website\",\"url\":\"https:\\\/\\\/www.ainia.com\\\/pt\\\/\",\"name\":\"AINIA\",\"description\":\"AINIA\",\"publisher\":{\"@id\":\"https:\\\/\\\/www.ainia.com\\\/pt\\\/#organization\"},\"potentialAction\":[{\"@type\":\"SearchAction\",\"target\":{\"@type\":\"EntryPoint\",\"urlTemplate\":\"https:\\\/\\\/www.ainia.com\\\/pt\\\/?s={search_term_string}\"},\"query-input\":{\"@type\":\"PropertyValueSpecification\",\"valueRequired\":true,\"valueName\":\"search_term_string\"}}],\"inLanguage\":\"pt\"},{\"@type\":\"Organization\",\"@id\":\"https:\\\/\\\/www.ainia.com\\\/pt\\\/#organization\",\"name\":\"Ainia\",\"url\":\"https:\\\/\\\/www.ainia.com\\\/pt\\\/\",\"logo\":{\"@type\":\"ImageObject\",\"inLanguage\":\"pt\",\"@id\":\"https:\\\/\\\/www.ainia.com\\\/pt\\\/#\\\/schema\\\/logo\\\/image\\\/\",\"url\":\"https:\\\/\\\/www.ainia.com\\\/wp-content\\\/uploads\\\/2022\\\/01\\\/LOGO-AINIA-simple-alta-resolucion-sin-fondo-1.png\",\"contentUrl\":\"https:\\\/\\\/www.ainia.com\\\/wp-content\\\/uploads\\\/2022\\\/01\\\/LOGO-AINIA-simple-alta-resolucion-sin-fondo-1.png\",\"width\":1000,\"height\":346,\"caption\":\"Ainia\"},\"image\":{\"@id\":\"https:\\\/\\\/www.ainia.com\\\/pt\\\/#\\\/schema\\\/logo\\\/image\\\/\"}},{\"@type\":\"Person\",\"@id\":\"https:\\\/\\\/www.ainia.com\\\/pt\\\/#\\\/schema\\\/person\\\/1b9794fdb9f68cf021407b63b1723aa6\",\"name\":\"Ana Valera\",\"image\":{\"@type\":\"ImageObject\",\"inLanguage\":\"pt\",\"@id\":\"https:\\\/\\\/secure.gravatar.com\\\/avatar\\\/2fdddff924eae1f7248909202f4a6dce1e82beb528bd72e259ff175a796633a9?s=96&d=mm&r=g\",\"url\":\"https:\\\/\\\/secure.gravatar.com\\\/avatar\\\/2fdddff924eae1f7248909202f4a6dce1e82beb528bd72e259ff175a796633a9?s=96&d=mm&r=g\",\"contentUrl\":\"https:\\\/\\\/secure.gravatar.com\\\/avatar\\\/2fdddff924eae1f7248909202f4a6dce1e82beb528bd72e259ff175a796633a9?s=96&d=mm&r=g\",\"caption\":\"Ana Valera\"},\"description\":\"Responsable de Proyectos en Tecnolog\u00edas de Microencapsulaci\u00f3n\",\"sameAs\":[\"https:\\\/\\\/www.ainia.com\\\/ainia\\\/sobre-ainia\\\/ainia-contacto-informacion\\\/\",\"https:\\\/\\\/www.linkedin.com\\\/in\\\/anavalerarequena\\\/\"],\"url\":\"https:\\\/\\\/www.ainia.com\\\/pt\\\/ainia-news\\\/author\\\/ana-valera\\\/\"}]}<\/script>\n<!-- \/ Yoast SEO plugin. -->","yoast_head_json":{"title":"Inova\u00e7\u00e3o em Cosm\u00e9ticos Sustent\u00e1veis e Embalagens Sustent\u00e1veis","description":"Descubra como a microencapsula\u00e7\u00e3o impulsiona cosm\u00e9ticos sustent\u00e1veis e embalagens sustent\u00e1veis para cosm\u00e9ticos, promovendo inova\u00e7\u00e3o e economia circular.","robots":{"index":"index","follow":"follow","max-snippet":"max-snippet:-1","max-image-preview":"max-image-preview:large","max-video-preview":"max-video-preview:-1"},"canonical":"https:\/\/www.ainia.com\/pt\/ainia-news\/economia-circular-cosmeticos-e-embalagens-sustentaveis-para-cosmeticos\/","og_locale":"pt_PT","og_type":"article","og_title":"Inova\u00e7\u00e3o em Cosm\u00e9ticos Sustent\u00e1veis e Embalagens Sustent\u00e1veis","og_description":"Descubra como a microencapsula\u00e7\u00e3o impulsiona cosm\u00e9ticos sustent\u00e1veis e embalagens sustent\u00e1veis para cosm\u00e9ticos, promovendo inova\u00e7\u00e3o e economia circular.","og_url":"https:\/\/www.ainia.com\/pt\/ainia-news\/economia-circular-cosmeticos-e-embalagens-sustentaveis-para-cosmeticos\/","og_site_name":"AINIA","article_published_time":"2025-07-09T10:09:15+00:00","article_modified_time":"2025-07-09T10:10:09+00:00","og_image":[{"width":1200,"height":800,"url":"https:\/\/www.ainia.com\/wp-content\/uploads\/2024\/12\/cosmetica-microencapsulacion-2.jpg","type":"image\/jpeg"}],"author":"Ana Valera","twitter_card":"summary_large_image","twitter_misc":{"Written by":"Ana Valera","Est. reading time":"3 minutes"},"schema":{"@context":"https:\/\/schema.org","@graph":[{"@type":"Article","@id":"https:\/\/www.ainia.com\/pt\/ainia-news\/economia-circular-cosmeticos-e-embalagens-sustentaveis-para-cosmeticos\/#article","isPartOf":{"@id":"https:\/\/www.ainia.com\/pt\/ainia-news\/economia-circular-cosmeticos-e-embalagens-sustentaveis-para-cosmeticos\/"},"author":{"name":"Ana Valera","@id":"https:\/\/www.ainia.com\/pt\/#\/schema\/person\/1b9794fdb9f68cf021407b63b1723aa6"},"headline":"Economia Circular: Cosm\u00e9ticos e Embalagens Sustent\u00e1veis para Cosm\u00e9ticos","datePublished":"2025-07-09T10:09:15+00:00","dateModified":"2025-07-09T10:10:09+00:00","mainEntityOfPage":{"@id":"https:\/\/www.ainia.com\/pt\/ainia-news\/economia-circular-cosmeticos-e-embalagens-sustentaveis-para-cosmeticos\/"},"wordCount":698,"publisher":{"@id":"https:\/\/www.ainia.com\/pt\/#organization"},"image":{"@id":"https:\/\/www.ainia.com\/pt\/ainia-news\/economia-circular-cosmeticos-e-embalagens-sustentaveis-para-cosmeticos\/#primaryimage"},"thumbnailUrl":"https:\/\/www.ainia.com\/wp-content\/uploads\/2024\/12\/cosmetica-microencapsulacion-2.jpg","articleSection":["Inova\u00e7\u00e3o tecnol\u00f3gica"],"inLanguage":"pt"},{"@type":"WebPage","@id":"https:\/\/www.ainia.com\/pt\/ainia-news\/economia-circular-cosmeticos-e-embalagens-sustentaveis-para-cosmeticos\/","url":"https:\/\/www.ainia.com\/pt\/ainia-news\/economia-circular-cosmeticos-e-embalagens-sustentaveis-para-cosmeticos\/","name":"Inova\u00e7\u00e3o em Cosm\u00e9ticos Sustent\u00e1veis e Embalagens Sustent\u00e1veis","isPartOf":{"@id":"https:\/\/www.ainia.com\/pt\/#website"},"primaryImageOfPage":{"@id":"https:\/\/www.ainia.com\/pt\/ainia-news\/economia-circular-cosmeticos-e-embalagens-sustentaveis-para-cosmeticos\/#primaryimage"},"image":{"@id":"https:\/\/www.ainia.com\/pt\/ainia-news\/economia-circular-cosmeticos-e-embalagens-sustentaveis-para-cosmeticos\/#primaryimage"},"thumbnailUrl":"https:\/\/www.ainia.com\/wp-content\/uploads\/2024\/12\/cosmetica-microencapsulacion-2.jpg","datePublished":"2025-07-09T10:09:15+00:00","dateModified":"2025-07-09T10:10:09+00:00","description":"Descubra como a microencapsula\u00e7\u00e3o impulsiona cosm\u00e9ticos sustent\u00e1veis e embalagens sustent\u00e1veis para cosm\u00e9ticos, promovendo inova\u00e7\u00e3o e economia circular.","breadcrumb":{"@id":"https:\/\/www.ainia.com\/pt\/ainia-news\/economia-circular-cosmeticos-e-embalagens-sustentaveis-para-cosmeticos\/#breadcrumb"},"inLanguage":"pt","potentialAction":[{"@type":"ReadAction","target":["https:\/\/www.ainia.com\/pt\/ainia-news\/economia-circular-cosmeticos-e-embalagens-sustentaveis-para-cosmeticos\/"]}]},{"@type":"ImageObject","inLanguage":"pt","@id":"https:\/\/www.ainia.com\/pt\/ainia-news\/economia-circular-cosmeticos-e-embalagens-sustentaveis-para-cosmeticos\/#primaryimage","url":"https:\/\/www.ainia.com\/wp-content\/uploads\/2024\/12\/cosmetica-microencapsulacion-2.jpg","contentUrl":"https:\/\/www.ainia.com\/wp-content\/uploads\/2024\/12\/cosmetica-microencapsulacion-2.jpg","width":1200,"height":800,"caption":"cosm\u00e9tica micrencapsulaci\u00f3n"},{"@type":"BreadcrumbList","@id":"https:\/\/www.ainia.com\/pt\/ainia-news\/economia-circular-cosmeticos-e-embalagens-sustentaveis-para-cosmeticos\/#breadcrumb","itemListElement":[{"@type":"ListItem","position":1,"name":"Portada","item":"https:\/\/www.ainia.com\/pt\/"},{"@type":"ListItem","position":2,"name":"Economia Circular: Cosm\u00e9ticos e Embalagens Sustent\u00e1veis para Cosm\u00e9ticos"}]},{"@type":"WebSite","@id":"https:\/\/www.ainia.com\/pt\/#website","url":"https:\/\/www.ainia.com\/pt\/","name":"AINIA","description":"AINIA","publisher":{"@id":"https:\/\/www.ainia.com\/pt\/#organization"},"potentialAction":[{"@type":"SearchAction","target":{"@type":"EntryPoint","urlTemplate":"https:\/\/www.ainia.com\/pt\/?s={search_term_string}"},"query-input":{"@type":"PropertyValueSpecification","valueRequired":true,"valueName":"search_term_string"}}],"inLanguage":"pt"},{"@type":"Organization","@id":"https:\/\/www.ainia.com\/pt\/#organization","name":"Ainia","url":"https:\/\/www.ainia.com\/pt\/","logo":{"@type":"ImageObject","inLanguage":"pt","@id":"https:\/\/www.ainia.com\/pt\/#\/schema\/logo\/image\/","url":"https:\/\/www.ainia.com\/wp-content\/uploads\/2022\/01\/LOGO-AINIA-simple-alta-resolucion-sin-fondo-1.png","contentUrl":"https:\/\/www.ainia.com\/wp-content\/uploads\/2022\/01\/LOGO-AINIA-simple-alta-resolucion-sin-fondo-1.png","width":1000,"height":346,"caption":"Ainia"},"image":{"@id":"https:\/\/www.ainia.com\/pt\/#\/schema\/logo\/image\/"}},{"@type":"Person","@id":"https:\/\/www.ainia.com\/pt\/#\/schema\/person\/1b9794fdb9f68cf021407b63b1723aa6","name":"Ana Valera","image":{"@type":"ImageObject","inLanguage":"pt","@id":"https:\/\/secure.gravatar.com\/avatar\/2fdddff924eae1f7248909202f4a6dce1e82beb528bd72e259ff175a796633a9?s=96&d=mm&r=g","url":"https:\/\/secure.gravatar.com\/avatar\/2fdddff924eae1f7248909202f4a6dce1e82beb528bd72e259ff175a796633a9?s=96&d=mm&r=g","contentUrl":"https:\/\/secure.gravatar.com\/avatar\/2fdddff924eae1f7248909202f4a6dce1e82beb528bd72e259ff175a796633a9?s=96&d=mm&r=g","caption":"Ana Valera"},"description":"Responsable de Proyectos en Tecnolog\u00edas de Microencapsulaci\u00f3n","sameAs":["https:\/\/www.ainia.com\/ainia\/sobre-ainia\/ainia-contacto-informacion\/","https:\/\/www.linkedin.com\/in\/anavalerarequena\/"],"url":"https:\/\/www.ainia.com\/pt\/ainia-news\/author\/ana-valera\/"}]}},"_links":{"self":[{"href":"https:\/\/www.ainia.com\/pt\/wp-json\/wp\/v2\/posts\/180874","targetHints":{"allow":["GET"]}}],"collection":[{"href":"https:\/\/www.ainia.com\/pt\/wp-json\/wp\/v2\/posts"}],"about":[{"href":"https:\/\/www.ainia.com\/pt\/wp-json\/wp\/v2\/types\/post"}],"author":[{"embeddable":true,"href":"https:\/\/www.ainia.com\/pt\/wp-json\/wp\/v2\/users\/172"}],"replies":[{"embeddable":true,"href":"https:\/\/www.ainia.com\/pt\/wp-json\/wp\/v2\/comments?post=180874"}],"version-history":[{"count":1,"href":"https:\/\/www.ainia.com\/pt\/wp-json\/wp\/v2\/posts\/180874\/revisions"}],"predecessor-version":[{"id":180875,"href":"https:\/\/www.ainia.com\/pt\/wp-json\/wp\/v2\/posts\/180874\/revisions\/180875"}],"wp:featuredmedia":[{"embeddable":true,"href":"https:\/\/www.ainia.com\/pt\/wp-json\/wp\/v2\/media\/176359"}],"wp:attachment":[{"href":"https:\/\/www.ainia.com\/pt\/wp-json\/wp\/v2\/media?parent=180874"}],"wp:term":[{"taxonomy":"category","embeddable":true,"href":"https:\/\/www.ainia.com\/pt\/wp-json\/wp\/v2\/categories?post=180874"},{"taxonomy":"post_tag","embeddable":true,"href":"https:\/\/www.ainia.com\/pt\/wp-json\/wp\/v2\/tags?post=180874"}],"curies":[{"name":"wp","href":"https:\/\/api.w.org\/{rel}","templated":true}]}}