{"id":175890,"date":"2024-11-20T10:21:52","date_gmt":"2024-11-20T08:21:52","guid":{"rendered":"https:\/\/www.ainia.com\/?p=175890"},"modified":"2025-07-10T08:30:11","modified_gmt":"2025-07-10T06:30:11","slug":"microcontaminantes-organicos-em-aguas-residuais-como-reduzir-o-seu-impacto-ambiental","status":"publish","type":"post","link":"https:\/\/www.ainia.com\/pt\/ainia-news\/microcontaminantes-organicos-em-aguas-residuais-como-reduzir-o-seu-impacto-ambiental\/","title":{"rendered":"Microcontaminantes org\u00e2nicos em \u00e1guas residuais: Como reduzir o seu impacto ambiental?"},"content":{"rendered":"<html><body><div class=\"wpb-content-wrapper\"><p>[vc_row][vc_column][vc_column_text css=\u201d\u201d]A \u00e1gua \u00e9 um bem p\u00fablico, de todos e para todos. A import\u00e2ncia da \u00e1gua, como bem essencial para o desenvolvimento e a sobreviv\u00eancia dos seres vivos, est\u00e1 fora de qualquer debate. Contudo, este recurso est\u00e1 a tornar-se cada vez mais escasso e degradado, al\u00e9m de desigualmente distribu\u00eddo, como \u00e9 evidente nas zonas afetadas pelo stress h\u00eddrico, que aumentam significativamente em Espanha. Assim, a procura de \u00e1gua pot\u00e1vel continua a crescer, ligada intrinsecamente ao aumento populacional, ao desenvolvimento econ\u00f3mico, \u00e0 degrada\u00e7\u00e3o ecol\u00f3gica e, inevitavelmente, aos padr\u00f5es de consumo.<\/p>\n<h3>Novas normas para um tratamento e controlo mais eficientes das correntes h\u00eddricas residuais<\/h3>\n<p>Como parte das a\u00e7\u00f5es para enfrentar este problema, a revis\u00e3o da Diretiva 91\/271\/CEE relativa ao tratamento de \u00e1guas residuais urbanas (<a href=\"https:\/\/eur-lex.europa.eu\/legal-content\/ES\/TXT\/PDF\/?uri=OJ:C_202401204\" target=\"_blank\" rel=\"noopener\">Emendas aprovadas pelo Parlamento Europeu em 5 de outubro de 2023 sobre a proposta de Diretiva do Parlamento Europeu e do Conselho relativa ao tratamento de \u00e1guas residuais urbanas (vers\u00e3o reformulada) (COM(2022)0541 \u2014 C9-6363\/2022 \u2014 2022\/0345(COD)) (europa.eu)<\/a>) visa introduzir <strong>novas normas para um tratamento e controlo mais eficientes das correntes h\u00eddricas residuais<\/strong>. Desta forma, pretende-se avan\u00e7ar para os objetivos definidos pela Uni\u00e3o Europeia de Polui\u00e7\u00e3o Zero. Esta revis\u00e3o atualiza a Diretiva, ampliando o seu alcance e \u00e2mbito de aplica\u00e7\u00e3o, destacando o papel do setor do ciclo integral da \u00e1gua e do <strong>tratamento de \u00e1guas residuais como ator-chave na redu\u00e7\u00e3o de emiss\u00f5es de gases com efeito de estufa e definindo prazos para que o setor atinja a neutralidade energ\u00e9tica<\/strong>.<\/p>\n<h3>Amplia\u00e7\u00e3o da responsabilidade do produtor no tratamento de \u00e1guas residuais<\/h3>\n<p>Esta revis\u00e3o tamb\u00e9m implica uma <strong>amplia\u00e7\u00e3o do regime de responsabilidade do produtor, envolvendo ainda mais estas partes interessadas no tratamento de \u00e1guas residuais. Isto promove uma contribui\u00e7\u00e3o mais justa para o tratamento de \u00e1guas residuais por parte dos setores mais poluentes<\/strong> (tanto em volume como em carga poluente), garantindo a obten\u00e7\u00e3o de \u00e1gua tratada de qualidade. Esta \u00e1gua poder\u00e1 ser \u00fatil para a reposi\u00e7\u00e3o de meios e ecossistemas recetores ou para a reutiliza\u00e7\u00e3o das \u00e1guas tratadas, conforme especificado no Regulamento (UE) 2020\/741 do Parlamento Europeu e do Conselho, de 25 de maio de 2020, relativo aos requisitos m\u00ednimos para a reutiliza\u00e7\u00e3o da \u00e1gua.<\/p>\n<p>Entre as diversas propostas de modifica\u00e7\u00e3o incluem-se:<\/p>\n<ul>\n<li>a obrigatoriedade de introdu\u00e7\u00e3o de tratamentos secund\u00e1rios (biol\u00f3gicos), terci\u00e1rios (remo\u00e7\u00e3o de azoto e f\u00f3sforo) e quatern\u00e1rios (amplo espectro de microcontaminantes).<\/li>\n<li>a extens\u00e3o do princ\u00edpio \u201c<strong>quem polui, paga<\/strong>\u201d, que obriga os produtores de compostos farmac\u00eauticos e cosm\u00e9ticos (embora n\u00e3o exclua outras ind\u00fastrias, como a t\u00eaxtil ou a qu\u00edmica) a suportarem, no m\u00ednimo, 80% dos custos associados a esses tratamentos adicionais, destinados preferencialmente aos poluentes gerados na sua atividade industrial. \u00c9 permitida certa flexibilidade na forma como os custos restantes s\u00e3o cobertos.<\/li>\n<li>a inclus\u00e3o de encargos relacionados com <strong>a recolha, gest\u00e3o e verifica\u00e7\u00e3o de dados sobre os produtos introduzidos no mercado<\/strong>.<\/li>\n<\/ul>\n<h3>Os microcontaminantes org\u00e2nicos, um grande problema ambiental<\/h3>\n<p data-start=\"1272\" data-end=\"2059\">\u00c9 essencial prestar uma aten\u00e7\u00e3o especial aos <strong>microcontaminantes org\u00e2nicos<\/strong>. Estas subst\u00e2ncias, na sua maioria de origem sint\u00e9tica, foram desenvolvidas para melhorar os padr\u00f5es de sa\u00fade humana e impulsionar o desenvolvimento econ\u00f3mico. Entre estes microcontaminantes incluem-se medicamentos, produtos cosm\u00e9ticos, tensioativos\/detergentes, pesticidas\/fungicidas, subprodutos da desinfe\u00e7\u00e3o e fertilizantes qu\u00edmicos, entre outros.<\/p>\n<p data-start=\"1272\" data-end=\"2059\">Muitas destas subst\u00e2ncias, sobretudo as utilizadas nos <strong>sectores agr\u00edcola e industrial,<\/strong> est\u00e3o atualmente no centro de novas abordagens tecnol\u00f3gicas que procuram reduzir a sua dissemina\u00e7\u00e3o descontrolada no meio ambiente. Estas estrat\u00e9gias apostam em<strong><a href=\"https:\/\/www.ainia.com\/pt\/microencapsulacao\/\"> solu\u00e7\u00f5es de liberta\u00e7\u00e3o controlada e numa melhor gest\u00e3o da estabilidade<\/a><\/strong>, de forma a minimizar o impacto ambiental.<\/p>\n<p data-start=\"2061\" data-end=\"2320\">Estes microcontaminantes s\u00e3o claramente identificados nos sectores mencionados, n\u00e3o apenas atrav\u00e9s de medi\u00e7\u00f5es diretas, mas tamb\u00e9m atrav\u00e9s de par\u00e2metros indiretos ou substitutos que evidenciam a sua presen\u00e7a e, consequentemente, a necessidade do seu controlo.<\/p>\n<h3><strong><img decoding=\"async\" class=\"alignnone wp-image-167540 size-large\" src=\"https:\/\/www.ainia.com\/wp-content\/uploads\/2024\/02\/microcontaminantes-agua-1024x284.jpg\" alt=\"microcontaminantes org\u00e1nicos\" width=\"1024\" height=\"284\" srcset=\"https:\/\/www.ainia.com\/wp-content\/uploads\/2024\/02\/microcontaminantes-agua-1024x284.jpg 1024w, https:\/\/www.ainia.com\/wp-content\/uploads\/2024\/02\/microcontaminantes-agua-300x83.jpg 300w, https:\/\/www.ainia.com\/wp-content\/uploads\/2024\/02\/microcontaminantes-agua-768x213.jpg 768w, https:\/\/www.ainia.com\/wp-content\/uploads\/2024\/02\/microcontaminantes-agua-1536x426.jpg 1536w, https:\/\/www.ainia.com\/wp-content\/uploads\/2024\/02\/microcontaminantes-agua-2048x568.jpg 2048w\" sizes=\"(max-width: 1024px) 100vw, 1024px\"><\/strong><\/h3>\n<h3><strong>Solu\u00e7\u00f5es inovadoras para reduzir o impacto ambiental das ind\u00fastrias cosm\u00e9tica, farmac\u00eautica e t\u00eaxtil<\/strong><\/h3>\n<p>Neste contexto, a AINIA colabora com empresas das ind\u00fastrias cosm\u00e9tica, farmac\u00eautica e t\u00eaxtil na implementa\u00e7\u00e3o de solu\u00e7\u00f5es inovadoras com o objetivo de reduzir o impacto ambiental das suas atividades, especialmente no que diz respeito ao consumo energ\u00e9tico, h\u00eddrico e \u00e0s pegadas ambientais. Para isso, diversas a\u00e7\u00f5es planeadas e executadas nesses setores incluem:<\/p>\n<ul>\n<li>o incremento da efici\u00eancia em parte dos seus processos de produ\u00e7\u00e3o e limpeza atrav\u00e9s da introdu\u00e7\u00e3o de tecnologias de elevado potencial, como a <a href=\"https:\/\/www.ainia.com\/pt\/microencapsulacao\/\">microencapsula\u00e7\u00e3o<\/a>.<\/li>\n<li>a digitaliza\u00e7\u00e3o de processos ou a obten\u00e7\u00e3o de compostos de valor acrescentado para o desenvolvimento de novos produtos.<\/li>\n<li>a otimiza\u00e7\u00e3o e melhoria da capacidade de limpeza em equipamentos, instala\u00e7\u00f5es e processos.<\/li>\n<li>a minimiza\u00e7\u00e3o do consumo de \u00e1gua atrav\u00e9s da reciclagem e recircula\u00e7\u00e3o de \u00e1guas internas.<\/li>\n<li>a implementa\u00e7\u00e3o de planos de tratamento, regenera\u00e7\u00e3o e reutiliza\u00e7\u00e3o de \u00e1guas industriais (internos \u00e0 empresa) em conformidade com a legisla\u00e7\u00e3o vigente e as recomenda\u00e7\u00f5es inclu\u00eddas nas guias MTDs e BATs setoriais.<\/li>\n<li>a introdu\u00e7\u00e3o de estrat\u00e9gias de valoriza\u00e7\u00e3o integral de res\u00edduos, tanto l\u00edquidos quanto s\u00f3lidos, atrav\u00e9s do conceito de biorrefinaria\/biof\u00e1brica.<\/li>\n<\/ul>\n<p>[\/vc_column_text][\/vc_column][\/vc_row]<\/p>\n<\/div><\/body><\/html>","protected":false},"excerpt":{"rendered":"<p>[vc_row][vc_column][vc_column_text css=\u201d\u201d]A \u00e1gua \u00e9 um bem p\u00fablico, de todos e para todos. A import\u00e2ncia da \u00e1gua, como bem essencial para o desenvolvimento e a sobreviv\u00eancia dos seres vivos, est\u00e1 fora de qualquer debate. Contudo, este recurso est\u00e1 a tornar-se cada vez mais escasso e degradado, al\u00e9m de desigualmente distribu\u00eddo, como \u00e9 evidente nas zonas afetadas [&hellip;]<\/p>\n","protected":false},"author":221,"featured_media":175895,"comment_status":"closed","ping_status":"closed","sticky":false,"template":"","format":"standard","meta":{"_acf_changed":false,"inline_featured_image":false,"footnotes":""},"categories":[1963],"tags":[],"class_list":["post-175890","post","type-post","status-publish","format-standard","hentry","category-inovacao-tecnologica"],"acf":[],"yoast_head":"<!-- This site is optimized with the Yoast SEO plugin v27.5 - https:\/\/yoast.com\/product\/yoast-seo-wordpress\/ -->\n<title>Reduzir os microcontaminantes org\u00e2nicos em \u00e1guas residuais<\/title>\n<meta name=\"description\" content=\"Aprende como reduzir o impacto ambiental dos microcontaminantes na \u00e1gua, as suas causas e as novas regulamenta\u00e7\u00f5es\" \/>\n<meta name=\"robots\" content=\"index, follow, max-snippet:-1, max-image-preview:large, max-video-preview:-1\" \/>\n<link rel=\"canonical\" href=\"https:\/\/www.ainia.com\/pt\/ainia-news\/microcontaminantes-organicos-em-aguas-residuais-como-reduzir-o-seu-impacto-ambiental\/\" \/>\n<meta property=\"og:locale\" content=\"pt_PT\" \/>\n<meta property=\"og:type\" content=\"article\" \/>\n<meta property=\"og:title\" content=\"Reduzir os microcontaminantes org\u00e2nicos em \u00e1guas residuais\" \/>\n<meta property=\"og:description\" content=\"Aprende como reduzir o impacto ambiental dos microcontaminantes na \u00e1gua, as suas causas e as novas regulamenta\u00e7\u00f5es\" \/>\n<meta property=\"og:url\" content=\"https:\/\/www.ainia.com\/pt\/ainia-news\/microcontaminantes-organicos-em-aguas-residuais-como-reduzir-o-seu-impacto-ambiental\/\" \/>\n<meta property=\"og:site_name\" content=\"AINIA\" \/>\n<meta property=\"article:published_time\" content=\"2024-11-20T08:21:52+00:00\" \/>\n<meta property=\"article:modified_time\" content=\"2025-07-10T06:30:11+00:00\" \/>\n<meta property=\"og:image\" content=\"https:\/\/www.ainia.com\/wp-content\/uploads\/2024\/02\/tratamientos-aguas-residuales-depuracion-1280-scaled.jpg\" \/>\n\t<meta property=\"og:image:width\" content=\"2560\" \/>\n\t<meta property=\"og:image:height\" content=\"1707\" \/>\n\t<meta property=\"og:image:type\" content=\"image\/jpeg\" \/>\n<meta name=\"author\" content=\"Jorge Garc\u00eda Ivars\" \/>\n<meta name=\"twitter:card\" content=\"summary_large_image\" \/>\n<meta name=\"twitter:label1\" content=\"Written by\" \/>\n\t<meta name=\"twitter:data1\" content=\"Jorge Garc\u00eda Ivars\" \/>\n\t<meta name=\"twitter:label2\" content=\"Est. reading time\" \/>\n\t<meta name=\"twitter:data2\" content=\"4 minutes\" \/>\n<script type=\"application\/ld+json\" class=\"yoast-schema-graph\">{\"@context\":\"https:\\\/\\\/schema.org\",\"@graph\":[{\"@type\":\"Article\",\"@id\":\"https:\\\/\\\/www.ainia.com\\\/pt\\\/ainia-news\\\/microcontaminantes-organicos-em-aguas-residuais-como-reduzir-o-seu-impacto-ambiental\\\/#article\",\"isPartOf\":{\"@id\":\"https:\\\/\\\/www.ainia.com\\\/pt\\\/ainia-news\\\/microcontaminantes-organicos-em-aguas-residuais-como-reduzir-o-seu-impacto-ambiental\\\/\"},\"author\":{\"name\":\"Jorge Garc\u00eda Ivars\",\"@id\":\"https:\\\/\\\/www.ainia.com\\\/pt\\\/#\\\/schema\\\/person\\\/ff4fc1f876aae82d08572cccc7ed05d5\"},\"headline\":\"Microcontaminantes org\u00e2nicos em \u00e1guas residuais: Como reduzir o seu impacto ambiental?\",\"datePublished\":\"2024-11-20T08:21:52+00:00\",\"dateModified\":\"2025-07-10T06:30:11+00:00\",\"mainEntityOfPage\":{\"@id\":\"https:\\\/\\\/www.ainia.com\\\/pt\\\/ainia-news\\\/microcontaminantes-organicos-em-aguas-residuais-como-reduzir-o-seu-impacto-ambiental\\\/\"},\"wordCount\":921,\"publisher\":{\"@id\":\"https:\\\/\\\/www.ainia.com\\\/pt\\\/#organization\"},\"image\":{\"@id\":\"https:\\\/\\\/www.ainia.com\\\/pt\\\/ainia-news\\\/microcontaminantes-organicos-em-aguas-residuais-como-reduzir-o-seu-impacto-ambiental\\\/#primaryimage\"},\"thumbnailUrl\":\"https:\\\/\\\/www.ainia.com\\\/wp-content\\\/uploads\\\/2024\\\/02\\\/tratamientos-aguas-residuales-depuracion-1280-scaled.jpg\",\"articleSection\":[\"Inova\u00e7\u00e3o tecnol\u00f3gica\"],\"inLanguage\":\"pt\"},{\"@type\":\"WebPage\",\"@id\":\"https:\\\/\\\/www.ainia.com\\\/pt\\\/ainia-news\\\/microcontaminantes-organicos-em-aguas-residuais-como-reduzir-o-seu-impacto-ambiental\\\/\",\"url\":\"https:\\\/\\\/www.ainia.com\\\/pt\\\/ainia-news\\\/microcontaminantes-organicos-em-aguas-residuais-como-reduzir-o-seu-impacto-ambiental\\\/\",\"name\":\"Reduzir os microcontaminantes org\u00e2nicos em \u00e1guas residuais\",\"isPartOf\":{\"@id\":\"https:\\\/\\\/www.ainia.com\\\/pt\\\/#website\"},\"primaryImageOfPage\":{\"@id\":\"https:\\\/\\\/www.ainia.com\\\/pt\\\/ainia-news\\\/microcontaminantes-organicos-em-aguas-residuais-como-reduzir-o-seu-impacto-ambiental\\\/#primaryimage\"},\"image\":{\"@id\":\"https:\\\/\\\/www.ainia.com\\\/pt\\\/ainia-news\\\/microcontaminantes-organicos-em-aguas-residuais-como-reduzir-o-seu-impacto-ambiental\\\/#primaryimage\"},\"thumbnailUrl\":\"https:\\\/\\\/www.ainia.com\\\/wp-content\\\/uploads\\\/2024\\\/02\\\/tratamientos-aguas-residuales-depuracion-1280-scaled.jpg\",\"datePublished\":\"2024-11-20T08:21:52+00:00\",\"dateModified\":\"2025-07-10T06:30:11+00:00\",\"description\":\"Aprende como reduzir o impacto ambiental dos microcontaminantes na \u00e1gua, as suas causas e as novas regulamenta\u00e7\u00f5es\",\"breadcrumb\":{\"@id\":\"https:\\\/\\\/www.ainia.com\\\/pt\\\/ainia-news\\\/microcontaminantes-organicos-em-aguas-residuais-como-reduzir-o-seu-impacto-ambiental\\\/#breadcrumb\"},\"inLanguage\":\"pt\",\"potentialAction\":[{\"@type\":\"ReadAction\",\"target\":[\"https:\\\/\\\/www.ainia.com\\\/pt\\\/ainia-news\\\/microcontaminantes-organicos-em-aguas-residuais-como-reduzir-o-seu-impacto-ambiental\\\/\"]}]},{\"@type\":\"ImageObject\",\"inLanguage\":\"pt\",\"@id\":\"https:\\\/\\\/www.ainia.com\\\/pt\\\/ainia-news\\\/microcontaminantes-organicos-em-aguas-residuais-como-reduzir-o-seu-impacto-ambiental\\\/#primaryimage\",\"url\":\"https:\\\/\\\/www.ainia.com\\\/wp-content\\\/uploads\\\/2024\\\/02\\\/tratamientos-aguas-residuales-depuracion-1280-scaled.jpg\",\"contentUrl\":\"https:\\\/\\\/www.ainia.com\\\/wp-content\\\/uploads\\\/2024\\\/02\\\/tratamientos-aguas-residuales-depuracion-1280-scaled.jpg\",\"width\":2560,\"height\":1707},{\"@type\":\"BreadcrumbList\",\"@id\":\"https:\\\/\\\/www.ainia.com\\\/pt\\\/ainia-news\\\/microcontaminantes-organicos-em-aguas-residuais-como-reduzir-o-seu-impacto-ambiental\\\/#breadcrumb\",\"itemListElement\":[{\"@type\":\"ListItem\",\"position\":1,\"name\":\"Portada\",\"item\":\"https:\\\/\\\/www.ainia.com\\\/pt\\\/\"},{\"@type\":\"ListItem\",\"position\":2,\"name\":\"Microcontaminantes org\u00e2nicos em \u00e1guas residuais: Como reduzir o seu impacto ambiental?\"}]},{\"@type\":\"WebSite\",\"@id\":\"https:\\\/\\\/www.ainia.com\\\/pt\\\/#website\",\"url\":\"https:\\\/\\\/www.ainia.com\\\/pt\\\/\",\"name\":\"AINIA\",\"description\":\"AINIA\",\"publisher\":{\"@id\":\"https:\\\/\\\/www.ainia.com\\\/pt\\\/#organization\"},\"potentialAction\":[{\"@type\":\"SearchAction\",\"target\":{\"@type\":\"EntryPoint\",\"urlTemplate\":\"https:\\\/\\\/www.ainia.com\\\/pt\\\/?s={search_term_string}\"},\"query-input\":{\"@type\":\"PropertyValueSpecification\",\"valueRequired\":true,\"valueName\":\"search_term_string\"}}],\"inLanguage\":\"pt\"},{\"@type\":\"Organization\",\"@id\":\"https:\\\/\\\/www.ainia.com\\\/pt\\\/#organization\",\"name\":\"Ainia\",\"url\":\"https:\\\/\\\/www.ainia.com\\\/pt\\\/\",\"logo\":{\"@type\":\"ImageObject\",\"inLanguage\":\"pt\",\"@id\":\"https:\\\/\\\/www.ainia.com\\\/pt\\\/#\\\/schema\\\/logo\\\/image\\\/\",\"url\":\"https:\\\/\\\/www.ainia.com\\\/wp-content\\\/uploads\\\/2022\\\/01\\\/LOGO-AINIA-simple-alta-resolucion-sin-fondo-1.png\",\"contentUrl\":\"https:\\\/\\\/www.ainia.com\\\/wp-content\\\/uploads\\\/2022\\\/01\\\/LOGO-AINIA-simple-alta-resolucion-sin-fondo-1.png\",\"width\":1000,\"height\":346,\"caption\":\"Ainia\"},\"image\":{\"@id\":\"https:\\\/\\\/www.ainia.com\\\/pt\\\/#\\\/schema\\\/logo\\\/image\\\/\"}},{\"@type\":\"Person\",\"@id\":\"https:\\\/\\\/www.ainia.com\\\/pt\\\/#\\\/schema\\\/person\\\/ff4fc1f876aae82d08572cccc7ed05d5\",\"name\":\"Jorge Garc\u00eda Ivars\",\"image\":{\"@type\":\"ImageObject\",\"inLanguage\":\"pt\",\"@id\":\"https:\\\/\\\/secure.gravatar.com\\\/avatar\\\/ce96fe15817f1e5ae43a1268aacf8d3a1dae4beb9753eb9f0098d9cc06aafb78?s=96&d=mm&r=g\",\"url\":\"https:\\\/\\\/secure.gravatar.com\\\/avatar\\\/ce96fe15817f1e5ae43a1268aacf8d3a1dae4beb9753eb9f0098d9cc06aafb78?s=96&d=mm&r=g\",\"contentUrl\":\"https:\\\/\\\/secure.gravatar.com\\\/avatar\\\/ce96fe15817f1e5ae43a1268aacf8d3a1dae4beb9753eb9f0098d9cc06aafb78?s=96&d=mm&r=g\",\"caption\":\"Jorge Garc\u00eda Ivars\"},\"description\":\"Ingeniero Qu\u00edmico con t\u00edtulo de Doctor Internacional en Ingenier\u00eda y Producci\u00f3n Industrial (2015), as\u00ed como M\u00e1ster en Seguridad Industrial y Medio Ambiente (2011) y M\u00e1ster en Gesti\u00f3n y Direcci\u00f3n de Proyectos (2020). Especialista en medio ambiente, con enfoque particular en procesos de oxidaci\u00f3n avanzada y de separaci\u00f3n por membranas (fabricaci\u00f3n, modificaci\u00f3n, dise\u00f1o, ingenier\u00eda, ejecuci\u00f3n y escalado), cuenta con m\u00e1s de 15 a\u00f1os de experiencia en proyectos de I+D+i, tanto en el sector p\u00fablico como en el privado, y una trayectoria laboral en las industrias agroalimentaria, textil y qu\u00edmica. Adem\u00e1s, posee experiencia docente en la UPV, donde ha codirigido 10 Trabajos Fin de Grado y Fin de M\u00e1ster. Actualmente desarrolla su labor en la Unidad de Innovaci\u00f3n de AINIA, enfocado especialmente en la proyecci\u00f3n, redacci\u00f3n, gesti\u00f3n y direcci\u00f3n de proyectos a nivel regional, nacional y europeo en \u00e1reas relacionadas, principalmente, con recursos h\u00eddricos, medioambiente, soluciones basadas en la naturaleza, econom\u00eda circular y bioeconom\u00eda. Anteriormente, trabaj\u00f3 durante 6 a\u00f1os en la l\u00ednea de Medioambiente, centr\u00e1ndose en auditor\u00edas de gesti\u00f3n integral de agua y en proyectos de depuraci\u00f3n, regeneraci\u00f3n y reutilizaci\u00f3n de aguas.\",\"sameAs\":[\"https:\\\/\\\/www.ainia.com\\\/ainia\\\/sobre-ainia\\\/ainia-contacto-informacion\\\/\",\"https:\\\/\\\/www.linkedin.com\\\/in\\\/jorge-g-44087b89?utm_source=share&utm_campaign=share_via&utm_content=profile&utm_medium=android_app\"],\"url\":\"https:\\\/\\\/www.ainia.com\\\/pt\\\/ainia-news\\\/author\\\/jorge-garcia\\\/\"}]}<\/script>\n<!-- \/ Yoast SEO plugin. -->","yoast_head_json":{"title":"Reduzir os microcontaminantes org\u00e2nicos em \u00e1guas residuais","description":"Aprende como reduzir o impacto ambiental dos microcontaminantes na \u00e1gua, as suas causas e as novas regulamenta\u00e7\u00f5es","robots":{"index":"index","follow":"follow","max-snippet":"max-snippet:-1","max-image-preview":"max-image-preview:large","max-video-preview":"max-video-preview:-1"},"canonical":"https:\/\/www.ainia.com\/pt\/ainia-news\/microcontaminantes-organicos-em-aguas-residuais-como-reduzir-o-seu-impacto-ambiental\/","og_locale":"pt_PT","og_type":"article","og_title":"Reduzir os microcontaminantes org\u00e2nicos em \u00e1guas residuais","og_description":"Aprende como reduzir o impacto ambiental dos microcontaminantes na \u00e1gua, as suas causas e as novas regulamenta\u00e7\u00f5es","og_url":"https:\/\/www.ainia.com\/pt\/ainia-news\/microcontaminantes-organicos-em-aguas-residuais-como-reduzir-o-seu-impacto-ambiental\/","og_site_name":"AINIA","article_published_time":"2024-11-20T08:21:52+00:00","article_modified_time":"2025-07-10T06:30:11+00:00","og_image":[{"width":2560,"height":1707,"url":"https:\/\/www.ainia.com\/wp-content\/uploads\/2024\/02\/tratamientos-aguas-residuales-depuracion-1280-scaled.jpg","type":"image\/jpeg"}],"author":"Jorge Garc\u00eda Ivars","twitter_card":"summary_large_image","twitter_misc":{"Written by":"Jorge Garc\u00eda Ivars","Est. reading time":"4 minutes"},"schema":{"@context":"https:\/\/schema.org","@graph":[{"@type":"Article","@id":"https:\/\/www.ainia.com\/pt\/ainia-news\/microcontaminantes-organicos-em-aguas-residuais-como-reduzir-o-seu-impacto-ambiental\/#article","isPartOf":{"@id":"https:\/\/www.ainia.com\/pt\/ainia-news\/microcontaminantes-organicos-em-aguas-residuais-como-reduzir-o-seu-impacto-ambiental\/"},"author":{"name":"Jorge Garc\u00eda Ivars","@id":"https:\/\/www.ainia.com\/pt\/#\/schema\/person\/ff4fc1f876aae82d08572cccc7ed05d5"},"headline":"Microcontaminantes org\u00e2nicos em \u00e1guas residuais: Como reduzir o seu impacto ambiental?","datePublished":"2024-11-20T08:21:52+00:00","dateModified":"2025-07-10T06:30:11+00:00","mainEntityOfPage":{"@id":"https:\/\/www.ainia.com\/pt\/ainia-news\/microcontaminantes-organicos-em-aguas-residuais-como-reduzir-o-seu-impacto-ambiental\/"},"wordCount":921,"publisher":{"@id":"https:\/\/www.ainia.com\/pt\/#organization"},"image":{"@id":"https:\/\/www.ainia.com\/pt\/ainia-news\/microcontaminantes-organicos-em-aguas-residuais-como-reduzir-o-seu-impacto-ambiental\/#primaryimage"},"thumbnailUrl":"https:\/\/www.ainia.com\/wp-content\/uploads\/2024\/02\/tratamientos-aguas-residuales-depuracion-1280-scaled.jpg","articleSection":["Inova\u00e7\u00e3o tecnol\u00f3gica"],"inLanguage":"pt"},{"@type":"WebPage","@id":"https:\/\/www.ainia.com\/pt\/ainia-news\/microcontaminantes-organicos-em-aguas-residuais-como-reduzir-o-seu-impacto-ambiental\/","url":"https:\/\/www.ainia.com\/pt\/ainia-news\/microcontaminantes-organicos-em-aguas-residuais-como-reduzir-o-seu-impacto-ambiental\/","name":"Reduzir os microcontaminantes org\u00e2nicos em \u00e1guas residuais","isPartOf":{"@id":"https:\/\/www.ainia.com\/pt\/#website"},"primaryImageOfPage":{"@id":"https:\/\/www.ainia.com\/pt\/ainia-news\/microcontaminantes-organicos-em-aguas-residuais-como-reduzir-o-seu-impacto-ambiental\/#primaryimage"},"image":{"@id":"https:\/\/www.ainia.com\/pt\/ainia-news\/microcontaminantes-organicos-em-aguas-residuais-como-reduzir-o-seu-impacto-ambiental\/#primaryimage"},"thumbnailUrl":"https:\/\/www.ainia.com\/wp-content\/uploads\/2024\/02\/tratamientos-aguas-residuales-depuracion-1280-scaled.jpg","datePublished":"2024-11-20T08:21:52+00:00","dateModified":"2025-07-10T06:30:11+00:00","description":"Aprende como reduzir o impacto ambiental dos microcontaminantes na \u00e1gua, as suas causas e as novas regulamenta\u00e7\u00f5es","breadcrumb":{"@id":"https:\/\/www.ainia.com\/pt\/ainia-news\/microcontaminantes-organicos-em-aguas-residuais-como-reduzir-o-seu-impacto-ambiental\/#breadcrumb"},"inLanguage":"pt","potentialAction":[{"@type":"ReadAction","target":["https:\/\/www.ainia.com\/pt\/ainia-news\/microcontaminantes-organicos-em-aguas-residuais-como-reduzir-o-seu-impacto-ambiental\/"]}]},{"@type":"ImageObject","inLanguage":"pt","@id":"https:\/\/www.ainia.com\/pt\/ainia-news\/microcontaminantes-organicos-em-aguas-residuais-como-reduzir-o-seu-impacto-ambiental\/#primaryimage","url":"https:\/\/www.ainia.com\/wp-content\/uploads\/2024\/02\/tratamientos-aguas-residuales-depuracion-1280-scaled.jpg","contentUrl":"https:\/\/www.ainia.com\/wp-content\/uploads\/2024\/02\/tratamientos-aguas-residuales-depuracion-1280-scaled.jpg","width":2560,"height":1707},{"@type":"BreadcrumbList","@id":"https:\/\/www.ainia.com\/pt\/ainia-news\/microcontaminantes-organicos-em-aguas-residuais-como-reduzir-o-seu-impacto-ambiental\/#breadcrumb","itemListElement":[{"@type":"ListItem","position":1,"name":"Portada","item":"https:\/\/www.ainia.com\/pt\/"},{"@type":"ListItem","position":2,"name":"Microcontaminantes org\u00e2nicos em \u00e1guas residuais: Como reduzir o seu impacto ambiental?"}]},{"@type":"WebSite","@id":"https:\/\/www.ainia.com\/pt\/#website","url":"https:\/\/www.ainia.com\/pt\/","name":"AINIA","description":"AINIA","publisher":{"@id":"https:\/\/www.ainia.com\/pt\/#organization"},"potentialAction":[{"@type":"SearchAction","target":{"@type":"EntryPoint","urlTemplate":"https:\/\/www.ainia.com\/pt\/?s={search_term_string}"},"query-input":{"@type":"PropertyValueSpecification","valueRequired":true,"valueName":"search_term_string"}}],"inLanguage":"pt"},{"@type":"Organization","@id":"https:\/\/www.ainia.com\/pt\/#organization","name":"Ainia","url":"https:\/\/www.ainia.com\/pt\/","logo":{"@type":"ImageObject","inLanguage":"pt","@id":"https:\/\/www.ainia.com\/pt\/#\/schema\/logo\/image\/","url":"https:\/\/www.ainia.com\/wp-content\/uploads\/2022\/01\/LOGO-AINIA-simple-alta-resolucion-sin-fondo-1.png","contentUrl":"https:\/\/www.ainia.com\/wp-content\/uploads\/2022\/01\/LOGO-AINIA-simple-alta-resolucion-sin-fondo-1.png","width":1000,"height":346,"caption":"Ainia"},"image":{"@id":"https:\/\/www.ainia.com\/pt\/#\/schema\/logo\/image\/"}},{"@type":"Person","@id":"https:\/\/www.ainia.com\/pt\/#\/schema\/person\/ff4fc1f876aae82d08572cccc7ed05d5","name":"Jorge Garc\u00eda Ivars","image":{"@type":"ImageObject","inLanguage":"pt","@id":"https:\/\/secure.gravatar.com\/avatar\/ce96fe15817f1e5ae43a1268aacf8d3a1dae4beb9753eb9f0098d9cc06aafb78?s=96&d=mm&r=g","url":"https:\/\/secure.gravatar.com\/avatar\/ce96fe15817f1e5ae43a1268aacf8d3a1dae4beb9753eb9f0098d9cc06aafb78?s=96&d=mm&r=g","contentUrl":"https:\/\/secure.gravatar.com\/avatar\/ce96fe15817f1e5ae43a1268aacf8d3a1dae4beb9753eb9f0098d9cc06aafb78?s=96&d=mm&r=g","caption":"Jorge Garc\u00eda Ivars"},"description":"Ingeniero Qu\u00edmico con t\u00edtulo de Doctor Internacional en Ingenier\u00eda y Producci\u00f3n Industrial (2015), as\u00ed como M\u00e1ster en Seguridad Industrial y Medio Ambiente (2011) y M\u00e1ster en Gesti\u00f3n y Direcci\u00f3n de Proyectos (2020). Especialista en medio ambiente, con enfoque particular en procesos de oxidaci\u00f3n avanzada y de separaci\u00f3n por membranas (fabricaci\u00f3n, modificaci\u00f3n, dise\u00f1o, ingenier\u00eda, ejecuci\u00f3n y escalado), cuenta con m\u00e1s de 15 a\u00f1os de experiencia en proyectos de I+D+i, tanto en el sector p\u00fablico como en el privado, y una trayectoria laboral en las industrias agroalimentaria, textil y qu\u00edmica. Adem\u00e1s, posee experiencia docente en la UPV, donde ha codirigido 10 Trabajos Fin de Grado y Fin de M\u00e1ster. Actualmente desarrolla su labor en la Unidad de Innovaci\u00f3n de AINIA, enfocado especialmente en la proyecci\u00f3n, redacci\u00f3n, gesti\u00f3n y direcci\u00f3n de proyectos a nivel regional, nacional y europeo en \u00e1reas relacionadas, principalmente, con recursos h\u00eddricos, medioambiente, soluciones basadas en la naturaleza, econom\u00eda circular y bioeconom\u00eda. Anteriormente, trabaj\u00f3 durante 6 a\u00f1os en la l\u00ednea de Medioambiente, centr\u00e1ndose en auditor\u00edas de gesti\u00f3n integral de agua y en proyectos de depuraci\u00f3n, regeneraci\u00f3n y reutilizaci\u00f3n de aguas.","sameAs":["https:\/\/www.ainia.com\/ainia\/sobre-ainia\/ainia-contacto-informacion\/","https:\/\/www.linkedin.com\/in\/jorge-g-44087b89?utm_source=share&utm_campaign=share_via&utm_content=profile&utm_medium=android_app"],"url":"https:\/\/www.ainia.com\/pt\/ainia-news\/author\/jorge-garcia\/"}]}},"_links":{"self":[{"href":"https:\/\/www.ainia.com\/pt\/wp-json\/wp\/v2\/posts\/175890","targetHints":{"allow":["GET"]}}],"collection":[{"href":"https:\/\/www.ainia.com\/pt\/wp-json\/wp\/v2\/posts"}],"about":[{"href":"https:\/\/www.ainia.com\/pt\/wp-json\/wp\/v2\/types\/post"}],"author":[{"embeddable":true,"href":"https:\/\/www.ainia.com\/pt\/wp-json\/wp\/v2\/users\/221"}],"replies":[{"embeddable":true,"href":"https:\/\/www.ainia.com\/pt\/wp-json\/wp\/v2\/comments?post=175890"}],"version-history":[{"count":4,"href":"https:\/\/www.ainia.com\/pt\/wp-json\/wp\/v2\/posts\/175890\/revisions"}],"predecessor-version":[{"id":180911,"href":"https:\/\/www.ainia.com\/pt\/wp-json\/wp\/v2\/posts\/175890\/revisions\/180911"}],"wp:featuredmedia":[{"embeddable":true,"href":"https:\/\/www.ainia.com\/pt\/wp-json\/wp\/v2\/media\/175895"}],"wp:attachment":[{"href":"https:\/\/www.ainia.com\/pt\/wp-json\/wp\/v2\/media?parent=175890"}],"wp:term":[{"taxonomy":"category","embeddable":true,"href":"https:\/\/www.ainia.com\/pt\/wp-json\/wp\/v2\/categories?post=175890"},{"taxonomy":"post_tag","embeddable":true,"href":"https:\/\/www.ainia.com\/pt\/wp-json\/wp\/v2\/tags?post=175890"}],"curies":[{"name":"wp","href":"https:\/\/api.w.org\/{rel}","templated":true}]}}