{"id":173843,"date":"2024-09-20T10:09:52","date_gmt":"2024-09-20T08:09:52","guid":{"rendered":"https:\/\/www.ainia.com\/?p=173843"},"modified":"2024-09-20T10:09:52","modified_gmt":"2024-09-20T08:09:52","slug":"atualizacao-dos-controles-da-ue-para-alimentos-de-paises-terceiros","status":"publish","type":"post","link":"https:\/\/www.ainia.com\/pt\/ainia-news\/atualizacao-dos-controles-da-ue-para-alimentos-de-paises-terceiros\/","title":{"rendered":"Atualiza\u00e7\u00e3o dos controles da UE para alimentos de pa\u00edses terceiros"},"content":{"rendered":"<html><body><div class=\"wpb-content-wrapper\"><p>[vc_row][vc_column][vc_column_text css=\u201d\u201d]A Uni\u00e3o Europeia realiza um monitoramento cont\u00ednuo de todos os alimentos que circulam em seu territ\u00f3rio comum e presta especial aten\u00e7\u00e3o \u00e0queles provenientes de pa\u00edses terceiros que entram na UE. Para gerir o controle desses alimentos, baseia-se n\u00e3o apenas na regulamenta\u00e7\u00e3o geral sobre o controle oficial de alimentos (<strong>Regulamento (UE) 625\/2017<\/strong>), mas tamb\u00e9m em regulamentos espec\u00edficos por meio do <strong>Regulamento (UE) 2019\/1793<\/strong> para alimentos e ra\u00e7\u00f5es de origem n\u00e3o animal provenientes de pa\u00edses terceiros.<\/p>\n<p>Essa legisla\u00e7\u00e3o \u00e9 atualizada a cada seis meses com base nos <strong>produtos, pa\u00edses e perigos envolvidos<\/strong>. Cada atualiza\u00e7\u00e3o envolve uma<strong> avalia\u00e7\u00e3o caso a caso, com base na combina\u00e7\u00e3o de origem, produto e risco<\/strong>, considerando tamb\u00e9m fatores como padr\u00f5es sazonais, tend\u00eancias e volumes de transa\u00e7\u00f5es.<\/p>\n<p>Aqueles que desejarem obter mais informa\u00e7\u00f5es sobre o funcionamento deste mecanismo podem faz\u00ea-lo atrav\u00e9s da <a href=\"https:\/\/eur-lex.europa.eu\/legal-content\/PT\/TXT\/PDF\/?uri=OJ:C:2022:265:FULL\" target=\"_blank\" rel=\"noopener\">Comunica\u00e7\u00e3o da Comiss\u00e3o sobre informa\u00e7\u00f5es relacionadas a riscos e n\u00e3o conformidades no contexto das revis\u00f5es peri\u00f3dicas do Regulamento de Execu\u00e7\u00e3o (UE) 2019\/1793 da Comiss\u00e3o<\/a>.<\/p>\n<p>A atualiza\u00e7\u00e3o mais recente, publicada no <a href=\"https:\/\/eur-lex.europa.eu\/legal-content\/PT\/TXT\/PDF\/?uri=OJ:L_202400286\" target=\"_blank\" rel=\"noopener\">Di\u00e1rio Oficial da Uni\u00e3o Europeia em 17 de janeiro (Regulamento de Execu\u00e7\u00e3o (UE) 2024\/286)<\/a>, introduz uma s\u00e9rie de novidades que resumimos nesta tabela:<\/p>\n<table style=\"height: 1039px;\" width=\"783\">\n<tbody>\n<tr>\n<td width=\"170\"><strong>Produto<\/strong><\/td>\n<td width=\"85\"><strong>Pa\u00eds<\/strong><\/td>\n<td width=\"198\"><strong>Perigo<\/strong><\/td>\n<td width=\"135\"><strong>A\u00e7\u00e3o tomada<\/strong><\/td>\n<\/tr>\n<tr>\n<td width=\"170\">Alimentos compostos<\/td>\n<td width=\"85\">Geral<\/td>\n<td width=\"198\">Aflatoxinas<\/td>\n<td width=\"135\">Controles aumentados, reduzidos<\/td>\n<\/tr>\n<tr>\n<td width=\"170\">Feij\u00f5es eg\u00edpcios (Lablab purpureus)<\/td>\n<td width=\"85\">Bangladesh<\/td>\n<td width=\"198\">Res\u00edduos de pesticidas<\/td>\n<td width=\"135\">Controles aumentados<\/td>\n<\/tr>\n<tr>\n<td width=\"170\">Folhas de uva<\/td>\n<td width=\"85\">Egito<\/td>\n<td width=\"198\">Res\u00edduos de pesticidas<\/td>\n<td width=\"135\">Controles aumentados<\/td>\n<\/tr>\n<tr>\n<td width=\"170\">Hortel\u00e3 (Mentha)<\/td>\n<td width=\"85\">Israel<\/td>\n<td width=\"198\">Res\u00edduos de pesticidas<\/td>\n<td width=\"135\">Controles aumentados, reduzidos<\/td>\n<\/tr>\n<tr>\n<td width=\"170\">Goma guar<\/td>\n<td width=\"85\">\u00cdndia<\/td>\n<td width=\"198\">\u00a0Pentaclorofenol e dioxinas<\/td>\n<td width=\"135\">Controles aumentados, reduzidos<\/td>\n<\/tr>\n<tr>\n<td width=\"170\">Suplementos diet\u00e9ticos com subst\u00e2ncias bot\u00e2nicas<\/td>\n<td width=\"85\">Coreia do Sul<\/td>\n<td width=\"198\">\u00d3xido de etileno<\/td>\n<td width=\"135\">Melhoria, removido do Anexo I<\/td>\n<\/tr>\n<tr>\n<td width=\"170\">Macarr\u00e3o instant\u00e2neo e macarr\u00e3o instant\u00e2neo com temperos\/molhos<\/td>\n<td width=\"85\">Coreia do Sul<\/td>\n<td width=\"198\">\u00d3xido de etileno<\/td>\n<td width=\"135\">Melhoria, controles reduzidos<\/td>\n<\/tr>\n<tr>\n<td width=\"170\">Feij\u00e3o aspargo (Vigna unguiculata ssp. Sesquipedalis, Vigna unguiculata ssp. Unguiculata)<\/td>\n<td width=\"85\">Sri Lanka<\/td>\n<td width=\"198\">Res\u00edduos de pesticidas<\/td>\n<td width=\"135\">Controles aumentados<\/td>\n<\/tr>\n<tr>\n<td width=\"170\">Feij\u00e3o-de-corda (Vigna unguiculata)<\/td>\n<td width=\"85\">Madagascar<\/td>\n<td width=\"198\">Res\u00edduos de pesticidas<\/td>\n<td width=\"135\">Controles aumentados<\/td>\n<\/tr>\n<tr>\n<td width=\"170\">Arroz<\/td>\n<td width=\"85\">\u00a0Paquist\u00e3o<\/td>\n<td width=\"198\">Res\u00edduos de pesticidas<\/td>\n<td width=\"135\">Controles aumentados<\/td>\n<\/tr>\n<tr>\n<td width=\"170\">Granadilla e maracuj\u00e1 (Passiflora ligularis e Passiflora edulis)<\/td>\n<td width=\"85\">Tail\u00e2ndia<\/td>\n<td width=\"198\">Res\u00edduos de pesticidas<\/td>\n<td width=\"135\">Controles aumentados<\/td>\n<\/tr>\n<tr>\n<td width=\"170\">Sementes de cominho<\/td>\n<td width=\"85\">Turquia<\/td>\n<td width=\"198\">Alcaloides pirrolizid\u00ednicos<\/td>\n<td width=\"135\">Controles aumentados<\/td>\n<\/tr>\n<tr>\n<td width=\"170\">Pimentas do g\u00eanero Capsicum (exceto piment\u00e3o)<\/td>\n<td width=\"85\">Uganda<\/td>\n<td width=\"198\">Aflatoxinas<\/td>\n<td width=\"135\">Melhoria, removido do Anexo I<\/td>\n<\/tr>\n<tr>\n<td width=\"170\">Pimentas do g\u00eanero Capsicum (exceto piment\u00e3o)<\/td>\n<td width=\"85\">\u00cdndia<\/td>\n<td width=\"198\">Pesticide residues<\/td>\n<td width=\"135\">Controles aumentados<\/td>\n<\/tr>\n<tr>\n<td width=\"170\">Sementes de gergelim<\/td>\n<td width=\"85\">\u00cdndia<\/td>\n<td width=\"198\">Salmonella<\/td>\n<td width=\"135\">Controles aumentados<\/td>\n<\/tr>\n<tr>\n<td width=\"170\">Sementes de gergelim<\/td>\n<td width=\"85\">\u00cdndia<\/td>\n<td width=\"198\">\u00d3xido de etileno<\/td>\n<td width=\"135\">\u00a0Melhoria, controles reduzidos<\/td>\n<\/tr>\n<\/tbody>\n<\/table>\n<p>\u00a0<\/p>\n<p>A \u00faltima emenda apresenta v\u00e1rios aspectos dignos de destaque. Entre eles est\u00e1 a melhoria geral em rela\u00e7\u00e3o \u00e0s <strong>aflatoxinas<\/strong>, assim como os casos da \u00cdndia e da Coreia do Sul relacionados ao<strong> \u00f3xido de etileno<\/strong>. Por outro lado, h\u00e1 preocupa\u00e7\u00f5es em rela\u00e7\u00e3o aos limites de <strong>res\u00edduos de pesticidas, salmonela e alcaloides pirrolizid\u00ednicos<\/strong> no <span style=\"text-decoration: underline;\">Sri Lanka, Madagascar, Pakistan, Tail\u00e2ndia, Turquia e \u00cdndian<\/span>.<\/p>\n<p>Se voc\u00ea precisar de aconselhamento jur\u00eddico ou t\u00e9cnico em rela\u00e7\u00e3o a quest\u00f5es legislativas vinculadas ao controle oficial de alimentos, a AINIA pode auxili\u00e1-lo atrav\u00e9s de nossa equipe de especialistas em <a href=\"\/pt\/consultoria-em-appcc-brc-ifs\/\" target=\"_blank\" rel=\"noopener\">direito agroalimentar<\/a> e nossos especialistas em <a href=\"\/pt\/alerta-24h-gestao-de-crises\/\" target=\"_blank\" rel=\"noopener\">gest\u00e3o de crises<\/a>. Voc\u00ea tamb\u00e9m pode discutir este artigo no grupo de legisla\u00e7\u00e3o alimentar no <a href=\"https:\/\/www.linkedin.com\/groups\/8415770\" target=\"_blank\" rel=\"noopener\">LinkedIn<\/a>.[\/vc_column_text][\/vc_column][\/vc_row]<\/p>\n<\/div><\/body><\/html>","protected":false},"excerpt":{"rendered":"<p>[vc_row][vc_column][vc_column_text css=\u201d\u201d]A Uni\u00e3o Europeia realiza um monitoramento cont\u00ednuo de todos os alimentos que circulam em seu territ\u00f3rio comum e presta especial aten\u00e7\u00e3o \u00e0queles provenientes de pa\u00edses terceiros que entram na UE. Para gerir o controle desses alimentos, baseia-se n\u00e3o apenas na regulamenta\u00e7\u00e3o geral sobre o controle oficial de alimentos (Regulamento (UE) 625\/2017), mas tamb\u00e9m em [&hellip;]<\/p>\n","protected":false},"author":215,"featured_media":173851,"comment_status":"closed","ping_status":"closed","sticky":false,"template":"","format":"standard","meta":{"_acf_changed":false,"inline_featured_image":false,"footnotes":""},"categories":[1968],"tags":[],"class_list":["post-173843","post","type-post","status-publish","format-standard","hentry","category-legislacao"],"acf":[],"yoast_head":"<!-- This site is optimized with the Yoast SEO plugin v27.5 - https:\/\/yoast.com\/product\/yoast-seo-wordpress\/ -->\n<title>Atualiza\u00e7\u00e3o dos controles da UE para alimentos de pa\u00edses terceiros<\/title>\n<meta name=\"description\" content=\"Descubra as \u00faltimas novidades sobre a regulamenta\u00e7\u00e3o de produtos alimentares provenientes de pa\u00edses terceiros que entram na UE.\" \/>\n<meta name=\"robots\" content=\"index, follow, max-snippet:-1, max-image-preview:large, max-video-preview:-1\" \/>\n<link rel=\"canonical\" href=\"https:\/\/www.ainia.com\/pt\/ainia-news\/atualizacao-dos-controles-da-ue-para-alimentos-de-paises-terceiros\/\" \/>\n<meta property=\"og:locale\" content=\"pt_PT\" \/>\n<meta property=\"og:type\" content=\"article\" \/>\n<meta property=\"og:title\" content=\"Atualiza\u00e7\u00e3o dos controles da UE para alimentos de pa\u00edses terceiros\" \/>\n<meta property=\"og:description\" content=\"Descubra as \u00faltimas novidades sobre a regulamenta\u00e7\u00e3o de produtos alimentares provenientes de pa\u00edses terceiros que entram na UE.\" \/>\n<meta property=\"og:url\" content=\"https:\/\/www.ainia.com\/pt\/ainia-news\/atualizacao-dos-controles-da-ue-para-alimentos-de-paises-terceiros\/\" \/>\n<meta property=\"og:site_name\" content=\"AINIA\" \/>\n<meta property=\"article:published_time\" content=\"2024-09-20T08:09:52+00:00\" \/>\n<meta property=\"og:image\" content=\"https:\/\/www.ainia.com\/wp-content\/uploads\/2024\/09\/control-aduanas-2000x555-1-1700x555-1-e1726819222564.webp\" \/>\n\t<meta property=\"og:image:width\" content=\"1700\" \/>\n\t<meta property=\"og:image:height\" content=\"555\" \/>\n\t<meta property=\"og:image:type\" content=\"image\/webp\" \/>\n<meta name=\"author\" content=\"Jos\u00e9 Mar\u00eda Ferrer Villar\" \/>\n<meta name=\"twitter:card\" content=\"summary_large_image\" \/>\n<meta name=\"twitter:creator\" content=\"@JMFVILLAR\" \/>\n<meta name=\"twitter:label1\" content=\"Written by\" \/>\n\t<meta name=\"twitter:data1\" content=\"Jos\u00e9 Mar\u00eda Ferrer Villar\" \/>\n\t<meta name=\"twitter:label2\" content=\"Est. reading time\" \/>\n\t<meta name=\"twitter:data2\" content=\"3 minutes\" \/>\n<script type=\"application\/ld+json\" class=\"yoast-schema-graph\">{\"@context\":\"https:\\\/\\\/schema.org\",\"@graph\":[{\"@type\":\"Article\",\"@id\":\"https:\\\/\\\/www.ainia.com\\\/pt\\\/ainia-news\\\/atualizacao-dos-controles-da-ue-para-alimentos-de-paises-terceiros\\\/#article\",\"isPartOf\":{\"@id\":\"https:\\\/\\\/www.ainia.com\\\/pt\\\/ainia-news\\\/atualizacao-dos-controles-da-ue-para-alimentos-de-paises-terceiros\\\/\"},\"author\":{\"name\":\"Jos\u00e9 Mar\u00eda Ferrer Villar\",\"@id\":\"https:\\\/\\\/www.ainia.com\\\/pt\\\/#\\\/schema\\\/person\\\/aacedcef426f47522b2f6ef62b92202e\"},\"headline\":\"Atualiza\u00e7\u00e3o dos controles da UE para alimentos de pa\u00edses terceiros\",\"datePublished\":\"2024-09-20T08:09:52+00:00\",\"mainEntityOfPage\":{\"@id\":\"https:\\\/\\\/www.ainia.com\\\/pt\\\/ainia-news\\\/atualizacao-dos-controles-da-ue-para-alimentos-de-paises-terceiros\\\/\"},\"wordCount\":579,\"publisher\":{\"@id\":\"https:\\\/\\\/www.ainia.com\\\/pt\\\/#organization\"},\"image\":{\"@id\":\"https:\\\/\\\/www.ainia.com\\\/pt\\\/ainia-news\\\/atualizacao-dos-controles-da-ue-para-alimentos-de-paises-terceiros\\\/#primaryimage\"},\"thumbnailUrl\":\"https:\\\/\\\/www.ainia.com\\\/wp-content\\\/uploads\\\/2024\\\/09\\\/control-aduanas-2000x555-1-1700x555-1-e1726819222564.webp\",\"articleSection\":[\"Legisla\u00e7\u00e3o\"],\"inLanguage\":\"pt\"},{\"@type\":\"WebPage\",\"@id\":\"https:\\\/\\\/www.ainia.com\\\/pt\\\/ainia-news\\\/atualizacao-dos-controles-da-ue-para-alimentos-de-paises-terceiros\\\/\",\"url\":\"https:\\\/\\\/www.ainia.com\\\/pt\\\/ainia-news\\\/atualizacao-dos-controles-da-ue-para-alimentos-de-paises-terceiros\\\/\",\"name\":\"Atualiza\u00e7\u00e3o dos controles da UE para alimentos de pa\u00edses terceiros\",\"isPartOf\":{\"@id\":\"https:\\\/\\\/www.ainia.com\\\/pt\\\/#website\"},\"primaryImageOfPage\":{\"@id\":\"https:\\\/\\\/www.ainia.com\\\/pt\\\/ainia-news\\\/atualizacao-dos-controles-da-ue-para-alimentos-de-paises-terceiros\\\/#primaryimage\"},\"image\":{\"@id\":\"https:\\\/\\\/www.ainia.com\\\/pt\\\/ainia-news\\\/atualizacao-dos-controles-da-ue-para-alimentos-de-paises-terceiros\\\/#primaryimage\"},\"thumbnailUrl\":\"https:\\\/\\\/www.ainia.com\\\/wp-content\\\/uploads\\\/2024\\\/09\\\/control-aduanas-2000x555-1-1700x555-1-e1726819222564.webp\",\"datePublished\":\"2024-09-20T08:09:52+00:00\",\"description\":\"Descubra as \u00faltimas novidades sobre a regulamenta\u00e7\u00e3o de produtos alimentares provenientes de pa\u00edses terceiros que entram na UE.\",\"breadcrumb\":{\"@id\":\"https:\\\/\\\/www.ainia.com\\\/pt\\\/ainia-news\\\/atualizacao-dos-controles-da-ue-para-alimentos-de-paises-terceiros\\\/#breadcrumb\"},\"inLanguage\":\"pt\",\"potentialAction\":[{\"@type\":\"ReadAction\",\"target\":[\"https:\\\/\\\/www.ainia.com\\\/pt\\\/ainia-news\\\/atualizacao-dos-controles-da-ue-para-alimentos-de-paises-terceiros\\\/\"]}]},{\"@type\":\"ImageObject\",\"inLanguage\":\"pt\",\"@id\":\"https:\\\/\\\/www.ainia.com\\\/pt\\\/ainia-news\\\/atualizacao-dos-controles-da-ue-para-alimentos-de-paises-terceiros\\\/#primaryimage\",\"url\":\"https:\\\/\\\/www.ainia.com\\\/wp-content\\\/uploads\\\/2024\\\/09\\\/control-aduanas-2000x555-1-1700x555-1-e1726819222564.webp\",\"contentUrl\":\"https:\\\/\\\/www.ainia.com\\\/wp-content\\\/uploads\\\/2024\\\/09\\\/control-aduanas-2000x555-1-1700x555-1-e1726819222564.webp\",\"width\":1700,\"height\":555},{\"@type\":\"BreadcrumbList\",\"@id\":\"https:\\\/\\\/www.ainia.com\\\/pt\\\/ainia-news\\\/atualizacao-dos-controles-da-ue-para-alimentos-de-paises-terceiros\\\/#breadcrumb\",\"itemListElement\":[{\"@type\":\"ListItem\",\"position\":1,\"name\":\"Portada\",\"item\":\"https:\\\/\\\/www.ainia.com\\\/pt\\\/\"},{\"@type\":\"ListItem\",\"position\":2,\"name\":\"Atualiza\u00e7\u00e3o dos controles da UE para alimentos de pa\u00edses terceiros\"}]},{\"@type\":\"WebSite\",\"@id\":\"https:\\\/\\\/www.ainia.com\\\/pt\\\/#website\",\"url\":\"https:\\\/\\\/www.ainia.com\\\/pt\\\/\",\"name\":\"AINIA\",\"description\":\"AINIA\",\"publisher\":{\"@id\":\"https:\\\/\\\/www.ainia.com\\\/pt\\\/#organization\"},\"potentialAction\":[{\"@type\":\"SearchAction\",\"target\":{\"@type\":\"EntryPoint\",\"urlTemplate\":\"https:\\\/\\\/www.ainia.com\\\/pt\\\/?s={search_term_string}\"},\"query-input\":{\"@type\":\"PropertyValueSpecification\",\"valueRequired\":true,\"valueName\":\"search_term_string\"}}],\"inLanguage\":\"pt\"},{\"@type\":\"Organization\",\"@id\":\"https:\\\/\\\/www.ainia.com\\\/pt\\\/#organization\",\"name\":\"Ainia\",\"url\":\"https:\\\/\\\/www.ainia.com\\\/pt\\\/\",\"logo\":{\"@type\":\"ImageObject\",\"inLanguage\":\"pt\",\"@id\":\"https:\\\/\\\/www.ainia.com\\\/pt\\\/#\\\/schema\\\/logo\\\/image\\\/\",\"url\":\"https:\\\/\\\/www.ainia.com\\\/wp-content\\\/uploads\\\/2022\\\/01\\\/LOGO-AINIA-simple-alta-resolucion-sin-fondo-1.png\",\"contentUrl\":\"https:\\\/\\\/www.ainia.com\\\/wp-content\\\/uploads\\\/2022\\\/01\\\/LOGO-AINIA-simple-alta-resolucion-sin-fondo-1.png\",\"width\":1000,\"height\":346,\"caption\":\"Ainia\"},\"image\":{\"@id\":\"https:\\\/\\\/www.ainia.com\\\/pt\\\/#\\\/schema\\\/logo\\\/image\\\/\"}},{\"@type\":\"Person\",\"@id\":\"https:\\\/\\\/www.ainia.com\\\/pt\\\/#\\\/schema\\\/person\\\/aacedcef426f47522b2f6ef62b92202e\",\"name\":\"Jos\u00e9 Mar\u00eda Ferrer Villar\",\"image\":{\"@type\":\"ImageObject\",\"inLanguage\":\"pt\",\"@id\":\"https:\\\/\\\/secure.gravatar.com\\\/avatar\\\/84a3e86368148c8b5ca69c3c8bd8774bc8ab891e1e512db95c1534d4db0590b2?s=96&d=mm&r=g\",\"url\":\"https:\\\/\\\/secure.gravatar.com\\\/avatar\\\/84a3e86368148c8b5ca69c3c8bd8774bc8ab891e1e512db95c1534d4db0590b2?s=96&d=mm&r=g\",\"contentUrl\":\"https:\\\/\\\/secure.gravatar.com\\\/avatar\\\/84a3e86368148c8b5ca69c3c8bd8774bc8ab891e1e512db95c1534d4db0590b2?s=96&d=mm&r=g\",\"caption\":\"Jos\u00e9 Mar\u00eda Ferrer Villar\"},\"description\":\"Responsable de Asuntos Regulatorios Alimentarios.. Formaci\u00f3n\",\"sameAs\":[\"https:\\\/\\\/www.ainia.com\\\/contactar-jose-maria-ferrer\\\/\",\"www.linkedin.com\\\/in\\\/jmferrervillarderechoalimentario\",\"https:\\\/\\\/x.com\\\/JMFVILLAR\"],\"url\":\"https:\\\/\\\/www.ainia.com\\\/pt\\\/ainia-news\\\/author\\\/jose-maria-ferrer-villar\\\/\"}]}<\/script>\n<!-- \/ Yoast SEO plugin. -->","yoast_head_json":{"title":"Atualiza\u00e7\u00e3o dos controles da UE para alimentos de pa\u00edses terceiros","description":"Descubra as \u00faltimas novidades sobre a regulamenta\u00e7\u00e3o de produtos alimentares provenientes de pa\u00edses terceiros que entram na UE.","robots":{"index":"index","follow":"follow","max-snippet":"max-snippet:-1","max-image-preview":"max-image-preview:large","max-video-preview":"max-video-preview:-1"},"canonical":"https:\/\/www.ainia.com\/pt\/ainia-news\/atualizacao-dos-controles-da-ue-para-alimentos-de-paises-terceiros\/","og_locale":"pt_PT","og_type":"article","og_title":"Atualiza\u00e7\u00e3o dos controles da UE para alimentos de pa\u00edses terceiros","og_description":"Descubra as \u00faltimas novidades sobre a regulamenta\u00e7\u00e3o de produtos alimentares provenientes de pa\u00edses terceiros que entram na UE.","og_url":"https:\/\/www.ainia.com\/pt\/ainia-news\/atualizacao-dos-controles-da-ue-para-alimentos-de-paises-terceiros\/","og_site_name":"AINIA","article_published_time":"2024-09-20T08:09:52+00:00","og_image":[{"width":1700,"height":555,"url":"https:\/\/www.ainia.com\/wp-content\/uploads\/2024\/09\/control-aduanas-2000x555-1-1700x555-1-e1726819222564.webp","type":"image\/webp"}],"author":"Jos\u00e9 Mar\u00eda Ferrer Villar","twitter_card":"summary_large_image","twitter_creator":"@JMFVILLAR","twitter_misc":{"Written by":"Jos\u00e9 Mar\u00eda Ferrer Villar","Est. reading time":"3 minutes"},"schema":{"@context":"https:\/\/schema.org","@graph":[{"@type":"Article","@id":"https:\/\/www.ainia.com\/pt\/ainia-news\/atualizacao-dos-controles-da-ue-para-alimentos-de-paises-terceiros\/#article","isPartOf":{"@id":"https:\/\/www.ainia.com\/pt\/ainia-news\/atualizacao-dos-controles-da-ue-para-alimentos-de-paises-terceiros\/"},"author":{"name":"Jos\u00e9 Mar\u00eda Ferrer Villar","@id":"https:\/\/www.ainia.com\/pt\/#\/schema\/person\/aacedcef426f47522b2f6ef62b92202e"},"headline":"Atualiza\u00e7\u00e3o dos controles da UE para alimentos de pa\u00edses terceiros","datePublished":"2024-09-20T08:09:52+00:00","mainEntityOfPage":{"@id":"https:\/\/www.ainia.com\/pt\/ainia-news\/atualizacao-dos-controles-da-ue-para-alimentos-de-paises-terceiros\/"},"wordCount":579,"publisher":{"@id":"https:\/\/www.ainia.com\/pt\/#organization"},"image":{"@id":"https:\/\/www.ainia.com\/pt\/ainia-news\/atualizacao-dos-controles-da-ue-para-alimentos-de-paises-terceiros\/#primaryimage"},"thumbnailUrl":"https:\/\/www.ainia.com\/wp-content\/uploads\/2024\/09\/control-aduanas-2000x555-1-1700x555-1-e1726819222564.webp","articleSection":["Legisla\u00e7\u00e3o"],"inLanguage":"pt"},{"@type":"WebPage","@id":"https:\/\/www.ainia.com\/pt\/ainia-news\/atualizacao-dos-controles-da-ue-para-alimentos-de-paises-terceiros\/","url":"https:\/\/www.ainia.com\/pt\/ainia-news\/atualizacao-dos-controles-da-ue-para-alimentos-de-paises-terceiros\/","name":"Atualiza\u00e7\u00e3o dos controles da UE para alimentos de pa\u00edses terceiros","isPartOf":{"@id":"https:\/\/www.ainia.com\/pt\/#website"},"primaryImageOfPage":{"@id":"https:\/\/www.ainia.com\/pt\/ainia-news\/atualizacao-dos-controles-da-ue-para-alimentos-de-paises-terceiros\/#primaryimage"},"image":{"@id":"https:\/\/www.ainia.com\/pt\/ainia-news\/atualizacao-dos-controles-da-ue-para-alimentos-de-paises-terceiros\/#primaryimage"},"thumbnailUrl":"https:\/\/www.ainia.com\/wp-content\/uploads\/2024\/09\/control-aduanas-2000x555-1-1700x555-1-e1726819222564.webp","datePublished":"2024-09-20T08:09:52+00:00","description":"Descubra as \u00faltimas novidades sobre a regulamenta\u00e7\u00e3o de produtos alimentares provenientes de pa\u00edses terceiros que entram na UE.","breadcrumb":{"@id":"https:\/\/www.ainia.com\/pt\/ainia-news\/atualizacao-dos-controles-da-ue-para-alimentos-de-paises-terceiros\/#breadcrumb"},"inLanguage":"pt","potentialAction":[{"@type":"ReadAction","target":["https:\/\/www.ainia.com\/pt\/ainia-news\/atualizacao-dos-controles-da-ue-para-alimentos-de-paises-terceiros\/"]}]},{"@type":"ImageObject","inLanguage":"pt","@id":"https:\/\/www.ainia.com\/pt\/ainia-news\/atualizacao-dos-controles-da-ue-para-alimentos-de-paises-terceiros\/#primaryimage","url":"https:\/\/www.ainia.com\/wp-content\/uploads\/2024\/09\/control-aduanas-2000x555-1-1700x555-1-e1726819222564.webp","contentUrl":"https:\/\/www.ainia.com\/wp-content\/uploads\/2024\/09\/control-aduanas-2000x555-1-1700x555-1-e1726819222564.webp","width":1700,"height":555},{"@type":"BreadcrumbList","@id":"https:\/\/www.ainia.com\/pt\/ainia-news\/atualizacao-dos-controles-da-ue-para-alimentos-de-paises-terceiros\/#breadcrumb","itemListElement":[{"@type":"ListItem","position":1,"name":"Portada","item":"https:\/\/www.ainia.com\/pt\/"},{"@type":"ListItem","position":2,"name":"Atualiza\u00e7\u00e3o dos controles da UE para alimentos de pa\u00edses terceiros"}]},{"@type":"WebSite","@id":"https:\/\/www.ainia.com\/pt\/#website","url":"https:\/\/www.ainia.com\/pt\/","name":"AINIA","description":"AINIA","publisher":{"@id":"https:\/\/www.ainia.com\/pt\/#organization"},"potentialAction":[{"@type":"SearchAction","target":{"@type":"EntryPoint","urlTemplate":"https:\/\/www.ainia.com\/pt\/?s={search_term_string}"},"query-input":{"@type":"PropertyValueSpecification","valueRequired":true,"valueName":"search_term_string"}}],"inLanguage":"pt"},{"@type":"Organization","@id":"https:\/\/www.ainia.com\/pt\/#organization","name":"Ainia","url":"https:\/\/www.ainia.com\/pt\/","logo":{"@type":"ImageObject","inLanguage":"pt","@id":"https:\/\/www.ainia.com\/pt\/#\/schema\/logo\/image\/","url":"https:\/\/www.ainia.com\/wp-content\/uploads\/2022\/01\/LOGO-AINIA-simple-alta-resolucion-sin-fondo-1.png","contentUrl":"https:\/\/www.ainia.com\/wp-content\/uploads\/2022\/01\/LOGO-AINIA-simple-alta-resolucion-sin-fondo-1.png","width":1000,"height":346,"caption":"Ainia"},"image":{"@id":"https:\/\/www.ainia.com\/pt\/#\/schema\/logo\/image\/"}},{"@type":"Person","@id":"https:\/\/www.ainia.com\/pt\/#\/schema\/person\/aacedcef426f47522b2f6ef62b92202e","name":"Jos\u00e9 Mar\u00eda Ferrer Villar","image":{"@type":"ImageObject","inLanguage":"pt","@id":"https:\/\/secure.gravatar.com\/avatar\/84a3e86368148c8b5ca69c3c8bd8774bc8ab891e1e512db95c1534d4db0590b2?s=96&d=mm&r=g","url":"https:\/\/secure.gravatar.com\/avatar\/84a3e86368148c8b5ca69c3c8bd8774bc8ab891e1e512db95c1534d4db0590b2?s=96&d=mm&r=g","contentUrl":"https:\/\/secure.gravatar.com\/avatar\/84a3e86368148c8b5ca69c3c8bd8774bc8ab891e1e512db95c1534d4db0590b2?s=96&d=mm&r=g","caption":"Jos\u00e9 Mar\u00eda Ferrer Villar"},"description":"Responsable de Asuntos Regulatorios Alimentarios.. Formaci\u00f3n","sameAs":["https:\/\/www.ainia.com\/contactar-jose-maria-ferrer\/","www.linkedin.com\/in\/jmferrervillarderechoalimentario","https:\/\/x.com\/JMFVILLAR"],"url":"https:\/\/www.ainia.com\/pt\/ainia-news\/author\/jose-maria-ferrer-villar\/"}]}},"_links":{"self":[{"href":"https:\/\/www.ainia.com\/pt\/wp-json\/wp\/v2\/posts\/173843","targetHints":{"allow":["GET"]}}],"collection":[{"href":"https:\/\/www.ainia.com\/pt\/wp-json\/wp\/v2\/posts"}],"about":[{"href":"https:\/\/www.ainia.com\/pt\/wp-json\/wp\/v2\/types\/post"}],"author":[{"embeddable":true,"href":"https:\/\/www.ainia.com\/pt\/wp-json\/wp\/v2\/users\/215"}],"replies":[{"embeddable":true,"href":"https:\/\/www.ainia.com\/pt\/wp-json\/wp\/v2\/comments?post=173843"}],"version-history":[{"count":2,"href":"https:\/\/www.ainia.com\/pt\/wp-json\/wp\/v2\/posts\/173843\/revisions"}],"predecessor-version":[{"id":173867,"href":"https:\/\/www.ainia.com\/pt\/wp-json\/wp\/v2\/posts\/173843\/revisions\/173867"}],"wp:featuredmedia":[{"embeddable":true,"href":"https:\/\/www.ainia.com\/pt\/wp-json\/wp\/v2\/media\/173851"}],"wp:attachment":[{"href":"https:\/\/www.ainia.com\/pt\/wp-json\/wp\/v2\/media?parent=173843"}],"wp:term":[{"taxonomy":"category","embeddable":true,"href":"https:\/\/www.ainia.com\/pt\/wp-json\/wp\/v2\/categories?post=173843"},{"taxonomy":"post_tag","embeddable":true,"href":"https:\/\/www.ainia.com\/pt\/wp-json\/wp\/v2\/tags?post=173843"}],"curies":[{"name":"wp","href":"https:\/\/api.w.org\/{rel}","templated":true}]}}