{"id":172408,"date":"2024-08-27T14:50:56","date_gmt":"2024-08-27T12:50:56","guid":{"rendered":"https:\/\/www.ainia.com\/?p=172408"},"modified":"2025-05-19T16:32:57","modified_gmt":"2025-05-19T14:32:57","slug":"primeiro-biotubo-para-cremes-cosmeticos-feito-de-amido-de-milho-beterraba-e-acucares","status":"publish","type":"post","link":"https:\/\/www.ainia.com\/pt\/ainia-news\/primeiro-biotubo-para-cremes-cosmeticos-feito-de-amido-de-milho-beterraba-e-acucares\/","title":{"rendered":"Primeiro biotubo para cremes cosm\u00e9ticos feito de amido de milho, beterraba e a\u00e7\u00facares."},"content":{"rendered":"<html><body><div class=\"wpb-content-wrapper\"><p>[vc_row][vc_column][vc_column_text]<strong>Germaine de Capuccini, Petroplast, Ferro, ainia centro tecnol\u00f3gico e AIMPLAS<\/strong> conseguiram fabricar o <strong>primeiro prot\u00f3tipo de uma embalagem biodegrad\u00e1vel para cosm\u00e9ticos<\/strong>. O desafio da nova embalagem reside em substituir os pl\u00e1sticos tradicionalmente usados nos tubos de produtos cosm\u00e9ticos por pl\u00e1sticos de origem natural e biodegrad\u00e1vel, algo complexo considerando a longa vida \u00fatil, de cerca de tr\u00eas anos, dos produtos de beleza em compara\u00e7\u00e3o com a decomposi\u00e7\u00e3o gradual do material biodegrad\u00e1vel.<\/p>\n<p>O prot\u00f3tipo, apresentado hoje, foi fabricado a partir de materiais derivados de fontes renov\u00e1veis, especificamente <strong>amido de milho, beterraba e a\u00e7\u00facares<\/strong>. Atrav\u00e9s de processos fermentativos e o uso de microorganismos, foram obtidos e misturados diversos materiais biodegrad\u00e1veis com diferentes propriedades para formar a nova embalagem biodegrad\u00e1vel.<\/p>\n<p>Ap\u00f3s dois anos de pesquisa, os participantes do projeto esperam que o bio-tubo obtido se converta em mat\u00e9ria org\u00e2nica em menos de seis meses e possa ser tratado em uma planta de compostagem.<\/p>\n<p>O processo de biodegrada\u00e7\u00e3o come\u00e7a ao entrar em contato com microorganismos em condi\u00e7\u00f5es de compostagem, que encontram nesses materiais uma fonte de carbono para prosperar. Isso apresenta uma alternativa \u00e0 gest\u00e3o <strong>ambiental atual dos res\u00edduos de embalagens cosm\u00e9ticas, que se baseia principalmente na reciclagem<\/strong>.<\/p>\n<h2>Embalagem flex\u00edvel que preserva as propriedades do creme cosm\u00e9tico<\/h2>\n<p>Atrav\u00e9s da combina\u00e7\u00e3o de diferentes materiais biodegrad\u00e1veis, estamos trabalhando pela primeira vez para garantir que a embalagem dure durante todo o ciclo de vida prolongado de um produto cosm\u00e9tico, estimado em tr\u00eas anos.<\/p>\n<p>Al\u00e9m disso, conseguimos manter as propriedades dos cremes cosm\u00e9ticos incorporando fun\u00e7\u00f5es que <strong>preservam o aroma e protegem o produto da umidade<\/strong>, evitando assim a perda de peso do produto. O bio-tubo \u00e9 completamente flex\u00edvel, assim como as embalagens de creme convencionais..<\/p>\n<h2>\u201cNatural packaging\u201d para \u201ccosm\u00e9ticos naturais\u201d<\/h2>\n<p>A<a href=\"https:\/\/www.ainia.com\/pt\/packaging\/\"> packaging<\/a> conter\u00e1 uma sele\u00e7\u00e3o de cosm\u00e9ticos naturais compat\u00edveis com o biopl\u00e1stico obtido. Para alcan\u00e7ar isso, foram analisados produtos baseados em princ\u00edpios ativos de vitamina C, um filtro solar e um creme facial multiprote\u00e7\u00e3o feito de ch\u00e1 branco org\u00e2nico. A empresa Germain de Capuccini espera lan\u00e7ar esses produtos no mercado na segunda metade deste ano.<\/p>\n<h2>Valida\u00e7\u00e3o de fabrica\u00e7\u00e3o<\/h2>\n<p>Para sua cria\u00e7\u00e3o, foram determinados os requisitos dos cosm\u00e9ticos em rela\u00e7\u00e3o ao material da embalagem, analisando, atrav\u00e9s de uma combina\u00e7\u00e3o de tipos de materiais biodegrad\u00e1veis, os mais compat\u00edveis com os requisitos do produto.<\/p>\n<p>Posteriormente, foram realizados testes para validar as propriedades do material, a tecnologia de fabrica\u00e7\u00e3o e o comportamento da embalagem em contato com os cremes atrav\u00e9s de estudos acelerados sob condi\u00e7\u00f5es extremas de temperatura e umidade.<\/p>\n<h2>Projeto<\/h2>\n<p>O projeto, apoiado pelo CDTI, representa um avan\u00e7o n\u00e3o s\u00f3 pela sua capacidade de se biodegradar sem impacto ambiental, mas tamb\u00e9m por alcan\u00e7ar, pela primeira vez, uma compatibilidade total entre esse tipo de embalagem e os produtos cosm\u00e9ticos.<\/p>\n<h2>Parceiros do cons\u00f3rcio<\/h2>\n<ul>\n<li><strong>Germaine de Capuccini <\/strong>(Alcoi \u2013 Alicante), uma marca l\u00edder no setor cosm\u00e9tico. A empresa com sede em Alcoy possui uma participa\u00e7\u00e3o de mercado atual de 37%. Mant\u00e9m uma trajet\u00f3ria significativa de exporta\u00e7\u00e3o de 45 anos, respaldada pela confian\u00e7a de 18.000 Centros de Beleza e Spas de mais de 80 pa\u00edses em cinco continentes. A empresa dedica recursos significativos para P&amp;D e se posicionou pelo seu compromisso com o meio ambiente e sustentabilidade.<\/li>\n<li><strong>Ferro Corporation<\/strong>, (Almazora-Castell\u00f3n), foi a empresa respons\u00e1vel por desenvolver a mistura adequada de materiais biodegrad\u00e1veis. A Ferro Corporation \u00e9 um fornecedor global l\u00edder de materiais de alto desempenho para fabricantes. Seus materiais s\u00e3o direcionados a uma ampla gama de mercados finais, incluindo constru\u00e7\u00e3o, eletrodom\u00e9sticos, eletr\u00f4nica, m\u00f3veis, produtos industriais e automotivos. Seu compromisso com a inova\u00e7\u00e3o como estrat\u00e9gia de diferencia\u00e7\u00e3o e competitividade \u00e9 claro e faz parte de sua cultura corporativa.<\/li>\n<li><strong>Petroplast <\/strong>(Logro\u00f1o \u2013 La Rioja), uma das principais empresas no desenvolvimento de tubos pl\u00e1sticos para diversos setores como cosm\u00e9ticos e farmac\u00eauticos. Para desenvolver esta nova embalagem, a Petroplast adapta seu processo industrial de fabrica\u00e7\u00e3o \u00e0s novas caracter\u00edsticas do material biodegrad\u00e1vel. A Petroplast atende principalmente a fabricantes e envasadores nos setores de cosm\u00e9tica, dermofarm\u00e1cia, perfumaria, amenities, bricolagem, lubrificantes e outras aplica\u00e7\u00f5es diversas como cremes para sapatos, detergentes para lava-lou\u00e7as, alimentos para gatos ou qualquer outro produto que possa ser embalado. A inova\u00e7\u00e3o \u00e9 uma constante em sua trajet\u00f3ria.<\/li>\n<li>A <strong>alian\u00e7a AINIA-AIMPLAS<\/strong>: Forneceu suporte tecnol\u00f3gico \u00e0s empresas do cons\u00f3rcio, contribuindo com sua experi\u00eancia e know-how para as empresas do cons\u00f3rcio. A alian\u00e7a ainia-Aimplas \u00e9 uma refer\u00eancia europeia de primeiro n\u00edvel em P&amp;D em embalagens. Integra o know-how do AIMPLAS (Instituto Tecnol\u00f3gico do Pl\u00e1stico) em P&amp;D em biopol\u00edmeros e seu processamento, com o conhecimento aplicado e a experi\u00eancia do ainia em P&amp;D em materiais de embalagem para alimentos e cosm\u00e9ticos.<\/li>\n<\/ul>\n<p>Paralelamente ao desenvolvimento de solu\u00e7\u00f5es de embalagens sustent\u00e1veis, a AINIA tamb\u00e9m aplica tecnologias avan\u00e7adas como a <a href=\"https:\/\/www.ainia.com\/pt\/microencapsulacao\/\"><strong data-start=\"949\" data-end=\"970\">microencapsula\u00e7\u00e3o<\/strong><\/a> para melhorar o desempenho das formula\u00e7\u00f5es cosm\u00e9ticas. Esta t\u00e9cnica protege ingredientes ativos sens\u00edveis e permite a sua liberta\u00e7\u00e3o controlada, assegurando maior efic\u00e1cia e estabilidade do produto ao longo do tempo. Ao combinar embalagens biodegrad\u00e1veis com microencapsula\u00e7\u00e3o, \u00e9 poss\u00edvel oferecer produtos cosm\u00e9ticos mais sustent\u00e1veis e eficazes, em sintonia com as exig\u00eancias crescentes dos consumidores ambientalmente conscientes.<\/p>\n<p>[\/vc_column_text][\/vc_column][\/vc_row]<\/p>\n<\/div><\/body><\/html>","protected":false},"excerpt":{"rendered":"<p>[vc_row][vc_column][vc_column_text]Germaine de Capuccini, Petroplast, Ferro, ainia centro tecnol\u00f3gico e AIMPLAS conseguiram fabricar o primeiro prot\u00f3tipo de uma embalagem biodegrad\u00e1vel para cosm\u00e9ticos. O desafio da nova embalagem reside em substituir os pl\u00e1sticos tradicionalmente usados nos tubos de produtos cosm\u00e9ticos por pl\u00e1sticos de origem natural e biodegrad\u00e1vel, algo complexo considerando a longa vida \u00fatil, de cerca de [&hellip;]<\/p>\n","protected":false},"author":267,"featured_media":172413,"comment_status":"open","ping_status":"closed","sticky":false,"template":"","format":"standard","meta":{"_acf_changed":false,"inline_featured_image":false,"footnotes":""},"categories":[1980,1],"tags":[],"class_list":["post-172408","post","type-post","status-publish","format-standard","hentry","category-comunicados-de-imprensa","category-sin-categorizar"],"acf":[],"yoast_head":"<!-- This site is optimized with the Yoast SEO plugin v27.5 - https:\/\/yoast.com\/product\/yoast-seo-wordpress\/ -->\n<title>Packaging biodegrad\u00e1vel para cosm\u00e9ticos<\/title>\n<meta name=\"description\" content=\"Primeira embalagem natural e biodegrad\u00e1vel como substituto dos pl\u00e1sticos utilizados em produtos cosm\u00e9ticos\" \/>\n<meta name=\"robots\" content=\"index, follow, max-snippet:-1, max-image-preview:large, max-video-preview:-1\" \/>\n<link rel=\"canonical\" href=\"https:\/\/www.ainia.com\/pt\/ainia-news\/primeiro-biotubo-para-cremes-cosmeticos-feito-de-amido-de-milho-beterraba-e-acucares\/\" \/>\n<meta property=\"og:locale\" content=\"pt_PT\" \/>\n<meta property=\"og:type\" content=\"article\" \/>\n<meta property=\"og:title\" content=\"Packaging biodegrad\u00e1vel para cosm\u00e9ticos\" \/>\n<meta property=\"og:description\" content=\"Primeira embalagem natural e biodegrad\u00e1vel como substituto dos pl\u00e1sticos utilizados em produtos cosm\u00e9ticos\" \/>\n<meta property=\"og:url\" content=\"https:\/\/www.ainia.com\/pt\/ainia-news\/primeiro-biotubo-para-cremes-cosmeticos-feito-de-amido-de-milho-beterraba-e-acucares\/\" \/>\n<meta property=\"og:site_name\" content=\"AINIA\" \/>\n<meta property=\"article:published_time\" content=\"2024-08-27T12:50:56+00:00\" \/>\n<meta property=\"article:modified_time\" content=\"2025-05-19T14:32:57+00:00\" \/>\n<meta property=\"og:image\" content=\"https:\/\/www.ainia.com\/wp-content\/uploads\/2024\/07\/bio.webp\" \/>\n\t<meta property=\"og:image:width\" content=\"1700\" \/>\n\t<meta property=\"og:image:height\" content=\"1100\" \/>\n\t<meta property=\"og:image:type\" content=\"image\/webp\" \/>\n<meta name=\"author\" content=\"AINIA\" \/>\n<meta name=\"twitter:card\" content=\"summary_large_image\" \/>\n<meta name=\"twitter:label1\" content=\"Written by\" \/>\n\t<meta name=\"twitter:data1\" content=\"AINIA\" \/>\n\t<meta name=\"twitter:label2\" content=\"Est. reading time\" \/>\n\t<meta name=\"twitter:data2\" content=\"4 minutes\" \/>\n<script type=\"application\/ld+json\" class=\"yoast-schema-graph\">{\"@context\":\"https:\\\/\\\/schema.org\",\"@graph\":[{\"@type\":\"Article\",\"@id\":\"https:\\\/\\\/www.ainia.com\\\/pt\\\/ainia-news\\\/primeiro-biotubo-para-cremes-cosmeticos-feito-de-amido-de-milho-beterraba-e-acucares\\\/#article\",\"isPartOf\":{\"@id\":\"https:\\\/\\\/www.ainia.com\\\/pt\\\/ainia-news\\\/primeiro-biotubo-para-cremes-cosmeticos-feito-de-amido-de-milho-beterraba-e-acucares\\\/\"},\"author\":{\"name\":\"AINIA\",\"@id\":\"https:\\\/\\\/www.ainia.com\\\/pt\\\/#\\\/schema\\\/person\\\/ed5b81f302250be8d7ac86f57eced234\"},\"headline\":\"Primeiro biotubo para cremes cosm\u00e9ticos feito de amido de milho, beterraba e a\u00e7\u00facares.\",\"datePublished\":\"2024-08-27T12:50:56+00:00\",\"dateModified\":\"2025-05-19T14:32:57+00:00\",\"mainEntityOfPage\":{\"@id\":\"https:\\\/\\\/www.ainia.com\\\/pt\\\/ainia-news\\\/primeiro-biotubo-para-cremes-cosmeticos-feito-de-amido-de-milho-beterraba-e-acucares\\\/\"},\"wordCount\":973,\"commentCount\":0,\"publisher\":{\"@id\":\"https:\\\/\\\/www.ainia.com\\\/pt\\\/#organization\"},\"image\":{\"@id\":\"https:\\\/\\\/www.ainia.com\\\/pt\\\/ainia-news\\\/primeiro-biotubo-para-cremes-cosmeticos-feito-de-amido-de-milho-beterraba-e-acucares\\\/#primaryimage\"},\"thumbnailUrl\":\"https:\\\/\\\/www.ainia.com\\\/wp-content\\\/uploads\\\/2024\\\/07\\\/bio.webp\",\"articleSection\":[\"Comunicados de imprensa\",\"Sin categorizar\"],\"inLanguage\":\"pt\",\"potentialAction\":[{\"@type\":\"CommentAction\",\"name\":\"Comment\",\"target\":[\"https:\\\/\\\/www.ainia.com\\\/pt\\\/ainia-news\\\/primeiro-biotubo-para-cremes-cosmeticos-feito-de-amido-de-milho-beterraba-e-acucares\\\/#respond\"]}]},{\"@type\":\"WebPage\",\"@id\":\"https:\\\/\\\/www.ainia.com\\\/pt\\\/ainia-news\\\/primeiro-biotubo-para-cremes-cosmeticos-feito-de-amido-de-milho-beterraba-e-acucares\\\/\",\"url\":\"https:\\\/\\\/www.ainia.com\\\/pt\\\/ainia-news\\\/primeiro-biotubo-para-cremes-cosmeticos-feito-de-amido-de-milho-beterraba-e-acucares\\\/\",\"name\":\"Packaging biodegrad\u00e1vel para cosm\u00e9ticos\",\"isPartOf\":{\"@id\":\"https:\\\/\\\/www.ainia.com\\\/pt\\\/#website\"},\"primaryImageOfPage\":{\"@id\":\"https:\\\/\\\/www.ainia.com\\\/pt\\\/ainia-news\\\/primeiro-biotubo-para-cremes-cosmeticos-feito-de-amido-de-milho-beterraba-e-acucares\\\/#primaryimage\"},\"image\":{\"@id\":\"https:\\\/\\\/www.ainia.com\\\/pt\\\/ainia-news\\\/primeiro-biotubo-para-cremes-cosmeticos-feito-de-amido-de-milho-beterraba-e-acucares\\\/#primaryimage\"},\"thumbnailUrl\":\"https:\\\/\\\/www.ainia.com\\\/wp-content\\\/uploads\\\/2024\\\/07\\\/bio.webp\",\"datePublished\":\"2024-08-27T12:50:56+00:00\",\"dateModified\":\"2025-05-19T14:32:57+00:00\",\"description\":\"Primeira embalagem natural e biodegrad\u00e1vel como substituto dos pl\u00e1sticos utilizados em produtos cosm\u00e9ticos\",\"breadcrumb\":{\"@id\":\"https:\\\/\\\/www.ainia.com\\\/pt\\\/ainia-news\\\/primeiro-biotubo-para-cremes-cosmeticos-feito-de-amido-de-milho-beterraba-e-acucares\\\/#breadcrumb\"},\"inLanguage\":\"pt\",\"potentialAction\":[{\"@type\":\"ReadAction\",\"target\":[\"https:\\\/\\\/www.ainia.com\\\/pt\\\/ainia-news\\\/primeiro-biotubo-para-cremes-cosmeticos-feito-de-amido-de-milho-beterraba-e-acucares\\\/\"]}]},{\"@type\":\"ImageObject\",\"inLanguage\":\"pt\",\"@id\":\"https:\\\/\\\/www.ainia.com\\\/pt\\\/ainia-news\\\/primeiro-biotubo-para-cremes-cosmeticos-feito-de-amido-de-milho-beterraba-e-acucares\\\/#primaryimage\",\"url\":\"https:\\\/\\\/www.ainia.com\\\/wp-content\\\/uploads\\\/2024\\\/07\\\/bio.webp\",\"contentUrl\":\"https:\\\/\\\/www.ainia.com\\\/wp-content\\\/uploads\\\/2024\\\/07\\\/bio.webp\",\"width\":1700,\"height\":1100,\"caption\":\"biotubo\"},{\"@type\":\"BreadcrumbList\",\"@id\":\"https:\\\/\\\/www.ainia.com\\\/pt\\\/ainia-news\\\/primeiro-biotubo-para-cremes-cosmeticos-feito-de-amido-de-milho-beterraba-e-acucares\\\/#breadcrumb\",\"itemListElement\":[{\"@type\":\"ListItem\",\"position\":1,\"name\":\"Portada\",\"item\":\"https:\\\/\\\/www.ainia.com\\\/pt\\\/\"},{\"@type\":\"ListItem\",\"position\":2,\"name\":\"Primeiro biotubo para cremes cosm\u00e9ticos feito de amido de milho, beterraba e a\u00e7\u00facares.\"}]},{\"@type\":\"WebSite\",\"@id\":\"https:\\\/\\\/www.ainia.com\\\/pt\\\/#website\",\"url\":\"https:\\\/\\\/www.ainia.com\\\/pt\\\/\",\"name\":\"AINIA\",\"description\":\"AINIA\",\"publisher\":{\"@id\":\"https:\\\/\\\/www.ainia.com\\\/pt\\\/#organization\"},\"potentialAction\":[{\"@type\":\"SearchAction\",\"target\":{\"@type\":\"EntryPoint\",\"urlTemplate\":\"https:\\\/\\\/www.ainia.com\\\/pt\\\/?s={search_term_string}\"},\"query-input\":{\"@type\":\"PropertyValueSpecification\",\"valueRequired\":true,\"valueName\":\"search_term_string\"}}],\"inLanguage\":\"pt\"},{\"@type\":\"Organization\",\"@id\":\"https:\\\/\\\/www.ainia.com\\\/pt\\\/#organization\",\"name\":\"Ainia\",\"url\":\"https:\\\/\\\/www.ainia.com\\\/pt\\\/\",\"logo\":{\"@type\":\"ImageObject\",\"inLanguage\":\"pt\",\"@id\":\"https:\\\/\\\/www.ainia.com\\\/pt\\\/#\\\/schema\\\/logo\\\/image\\\/\",\"url\":\"https:\\\/\\\/www.ainia.com\\\/wp-content\\\/uploads\\\/2022\\\/01\\\/LOGO-AINIA-simple-alta-resolucion-sin-fondo-1.png\",\"contentUrl\":\"https:\\\/\\\/www.ainia.com\\\/wp-content\\\/uploads\\\/2022\\\/01\\\/LOGO-AINIA-simple-alta-resolucion-sin-fondo-1.png\",\"width\":1000,\"height\":346,\"caption\":\"Ainia\"},\"image\":{\"@id\":\"https:\\\/\\\/www.ainia.com\\\/pt\\\/#\\\/schema\\\/logo\\\/image\\\/\"}},{\"@type\":\"Person\",\"@id\":\"https:\\\/\\\/www.ainia.com\\\/pt\\\/#\\\/schema\\\/person\\\/ed5b81f302250be8d7ac86f57eced234\",\"name\":\"AINIA\",\"image\":{\"@type\":\"ImageObject\",\"inLanguage\":\"pt\",\"@id\":\"https:\\\/\\\/secure.gravatar.com\\\/avatar\\\/3380a3632028b93d4446925cead1efb025eb8bc6645a42d90a24281c49559d20?s=96&d=mm&r=g\",\"url\":\"https:\\\/\\\/secure.gravatar.com\\\/avatar\\\/3380a3632028b93d4446925cead1efb025eb8bc6645a42d90a24281c49559d20?s=96&d=mm&r=g\",\"contentUrl\":\"https:\\\/\\\/secure.gravatar.com\\\/avatar\\\/3380a3632028b93d4446925cead1efb025eb8bc6645a42d90a24281c49559d20?s=96&d=mm&r=g\",\"caption\":\"AINIA\"},\"sameAs\":[\"https:\\\/\\\/www.ainia.com\\\/ainia\\\/sobre-ainia\\\/ainia-contacto-informacion\\\/\"],\"url\":\"https:\\\/\\\/www.ainia.com\\\/pt\\\/ainia-news\\\/author\\\/redaccion-ainia\\\/\"}]}<\/script>\n<!-- \/ Yoast SEO plugin. -->","yoast_head_json":{"title":"Packaging biodegrad\u00e1vel para cosm\u00e9ticos","description":"Primeira embalagem natural e biodegrad\u00e1vel como substituto dos pl\u00e1sticos utilizados em produtos cosm\u00e9ticos","robots":{"index":"index","follow":"follow","max-snippet":"max-snippet:-1","max-image-preview":"max-image-preview:large","max-video-preview":"max-video-preview:-1"},"canonical":"https:\/\/www.ainia.com\/pt\/ainia-news\/primeiro-biotubo-para-cremes-cosmeticos-feito-de-amido-de-milho-beterraba-e-acucares\/","og_locale":"pt_PT","og_type":"article","og_title":"Packaging biodegrad\u00e1vel para cosm\u00e9ticos","og_description":"Primeira embalagem natural e biodegrad\u00e1vel como substituto dos pl\u00e1sticos utilizados em produtos cosm\u00e9ticos","og_url":"https:\/\/www.ainia.com\/pt\/ainia-news\/primeiro-biotubo-para-cremes-cosmeticos-feito-de-amido-de-milho-beterraba-e-acucares\/","og_site_name":"AINIA","article_published_time":"2024-08-27T12:50:56+00:00","article_modified_time":"2025-05-19T14:32:57+00:00","og_image":[{"width":1700,"height":1100,"url":"https:\/\/www.ainia.com\/wp-content\/uploads\/2024\/07\/bio.webp","type":"image\/webp"}],"author":"AINIA","twitter_card":"summary_large_image","twitter_misc":{"Written by":"AINIA","Est. reading time":"4 minutes"},"schema":{"@context":"https:\/\/schema.org","@graph":[{"@type":"Article","@id":"https:\/\/www.ainia.com\/pt\/ainia-news\/primeiro-biotubo-para-cremes-cosmeticos-feito-de-amido-de-milho-beterraba-e-acucares\/#article","isPartOf":{"@id":"https:\/\/www.ainia.com\/pt\/ainia-news\/primeiro-biotubo-para-cremes-cosmeticos-feito-de-amido-de-milho-beterraba-e-acucares\/"},"author":{"name":"AINIA","@id":"https:\/\/www.ainia.com\/pt\/#\/schema\/person\/ed5b81f302250be8d7ac86f57eced234"},"headline":"Primeiro biotubo para cremes cosm\u00e9ticos feito de amido de milho, beterraba e a\u00e7\u00facares.","datePublished":"2024-08-27T12:50:56+00:00","dateModified":"2025-05-19T14:32:57+00:00","mainEntityOfPage":{"@id":"https:\/\/www.ainia.com\/pt\/ainia-news\/primeiro-biotubo-para-cremes-cosmeticos-feito-de-amido-de-milho-beterraba-e-acucares\/"},"wordCount":973,"commentCount":0,"publisher":{"@id":"https:\/\/www.ainia.com\/pt\/#organization"},"image":{"@id":"https:\/\/www.ainia.com\/pt\/ainia-news\/primeiro-biotubo-para-cremes-cosmeticos-feito-de-amido-de-milho-beterraba-e-acucares\/#primaryimage"},"thumbnailUrl":"https:\/\/www.ainia.com\/wp-content\/uploads\/2024\/07\/bio.webp","articleSection":["Comunicados de imprensa","Sin categorizar"],"inLanguage":"pt","potentialAction":[{"@type":"CommentAction","name":"Comment","target":["https:\/\/www.ainia.com\/pt\/ainia-news\/primeiro-biotubo-para-cremes-cosmeticos-feito-de-amido-de-milho-beterraba-e-acucares\/#respond"]}]},{"@type":"WebPage","@id":"https:\/\/www.ainia.com\/pt\/ainia-news\/primeiro-biotubo-para-cremes-cosmeticos-feito-de-amido-de-milho-beterraba-e-acucares\/","url":"https:\/\/www.ainia.com\/pt\/ainia-news\/primeiro-biotubo-para-cremes-cosmeticos-feito-de-amido-de-milho-beterraba-e-acucares\/","name":"Packaging biodegrad\u00e1vel para cosm\u00e9ticos","isPartOf":{"@id":"https:\/\/www.ainia.com\/pt\/#website"},"primaryImageOfPage":{"@id":"https:\/\/www.ainia.com\/pt\/ainia-news\/primeiro-biotubo-para-cremes-cosmeticos-feito-de-amido-de-milho-beterraba-e-acucares\/#primaryimage"},"image":{"@id":"https:\/\/www.ainia.com\/pt\/ainia-news\/primeiro-biotubo-para-cremes-cosmeticos-feito-de-amido-de-milho-beterraba-e-acucares\/#primaryimage"},"thumbnailUrl":"https:\/\/www.ainia.com\/wp-content\/uploads\/2024\/07\/bio.webp","datePublished":"2024-08-27T12:50:56+00:00","dateModified":"2025-05-19T14:32:57+00:00","description":"Primeira embalagem natural e biodegrad\u00e1vel como substituto dos pl\u00e1sticos utilizados em produtos cosm\u00e9ticos","breadcrumb":{"@id":"https:\/\/www.ainia.com\/pt\/ainia-news\/primeiro-biotubo-para-cremes-cosmeticos-feito-de-amido-de-milho-beterraba-e-acucares\/#breadcrumb"},"inLanguage":"pt","potentialAction":[{"@type":"ReadAction","target":["https:\/\/www.ainia.com\/pt\/ainia-news\/primeiro-biotubo-para-cremes-cosmeticos-feito-de-amido-de-milho-beterraba-e-acucares\/"]}]},{"@type":"ImageObject","inLanguage":"pt","@id":"https:\/\/www.ainia.com\/pt\/ainia-news\/primeiro-biotubo-para-cremes-cosmeticos-feito-de-amido-de-milho-beterraba-e-acucares\/#primaryimage","url":"https:\/\/www.ainia.com\/wp-content\/uploads\/2024\/07\/bio.webp","contentUrl":"https:\/\/www.ainia.com\/wp-content\/uploads\/2024\/07\/bio.webp","width":1700,"height":1100,"caption":"biotubo"},{"@type":"BreadcrumbList","@id":"https:\/\/www.ainia.com\/pt\/ainia-news\/primeiro-biotubo-para-cremes-cosmeticos-feito-de-amido-de-milho-beterraba-e-acucares\/#breadcrumb","itemListElement":[{"@type":"ListItem","position":1,"name":"Portada","item":"https:\/\/www.ainia.com\/pt\/"},{"@type":"ListItem","position":2,"name":"Primeiro biotubo para cremes cosm\u00e9ticos feito de amido de milho, beterraba e a\u00e7\u00facares."}]},{"@type":"WebSite","@id":"https:\/\/www.ainia.com\/pt\/#website","url":"https:\/\/www.ainia.com\/pt\/","name":"AINIA","description":"AINIA","publisher":{"@id":"https:\/\/www.ainia.com\/pt\/#organization"},"potentialAction":[{"@type":"SearchAction","target":{"@type":"EntryPoint","urlTemplate":"https:\/\/www.ainia.com\/pt\/?s={search_term_string}"},"query-input":{"@type":"PropertyValueSpecification","valueRequired":true,"valueName":"search_term_string"}}],"inLanguage":"pt"},{"@type":"Organization","@id":"https:\/\/www.ainia.com\/pt\/#organization","name":"Ainia","url":"https:\/\/www.ainia.com\/pt\/","logo":{"@type":"ImageObject","inLanguage":"pt","@id":"https:\/\/www.ainia.com\/pt\/#\/schema\/logo\/image\/","url":"https:\/\/www.ainia.com\/wp-content\/uploads\/2022\/01\/LOGO-AINIA-simple-alta-resolucion-sin-fondo-1.png","contentUrl":"https:\/\/www.ainia.com\/wp-content\/uploads\/2022\/01\/LOGO-AINIA-simple-alta-resolucion-sin-fondo-1.png","width":1000,"height":346,"caption":"Ainia"},"image":{"@id":"https:\/\/www.ainia.com\/pt\/#\/schema\/logo\/image\/"}},{"@type":"Person","@id":"https:\/\/www.ainia.com\/pt\/#\/schema\/person\/ed5b81f302250be8d7ac86f57eced234","name":"AINIA","image":{"@type":"ImageObject","inLanguage":"pt","@id":"https:\/\/secure.gravatar.com\/avatar\/3380a3632028b93d4446925cead1efb025eb8bc6645a42d90a24281c49559d20?s=96&d=mm&r=g","url":"https:\/\/secure.gravatar.com\/avatar\/3380a3632028b93d4446925cead1efb025eb8bc6645a42d90a24281c49559d20?s=96&d=mm&r=g","contentUrl":"https:\/\/secure.gravatar.com\/avatar\/3380a3632028b93d4446925cead1efb025eb8bc6645a42d90a24281c49559d20?s=96&d=mm&r=g","caption":"AINIA"},"sameAs":["https:\/\/www.ainia.com\/ainia\/sobre-ainia\/ainia-contacto-informacion\/"],"url":"https:\/\/www.ainia.com\/pt\/ainia-news\/author\/redaccion-ainia\/"}]}},"_links":{"self":[{"href":"https:\/\/www.ainia.com\/pt\/wp-json\/wp\/v2\/posts\/172408","targetHints":{"allow":["GET"]}}],"collection":[{"href":"https:\/\/www.ainia.com\/pt\/wp-json\/wp\/v2\/posts"}],"about":[{"href":"https:\/\/www.ainia.com\/pt\/wp-json\/wp\/v2\/types\/post"}],"author":[{"embeddable":true,"href":"https:\/\/www.ainia.com\/pt\/wp-json\/wp\/v2\/users\/267"}],"replies":[{"embeddable":true,"href":"https:\/\/www.ainia.com\/pt\/wp-json\/wp\/v2\/comments?post=172408"}],"version-history":[{"count":2,"href":"https:\/\/www.ainia.com\/pt\/wp-json\/wp\/v2\/posts\/172408\/revisions"}],"predecessor-version":[{"id":179399,"href":"https:\/\/www.ainia.com\/pt\/wp-json\/wp\/v2\/posts\/172408\/revisions\/179399"}],"wp:featuredmedia":[{"embeddable":true,"href":"https:\/\/www.ainia.com\/pt\/wp-json\/wp\/v2\/media\/172413"}],"wp:attachment":[{"href":"https:\/\/www.ainia.com\/pt\/wp-json\/wp\/v2\/media?parent=172408"}],"wp:term":[{"taxonomy":"category","embeddable":true,"href":"https:\/\/www.ainia.com\/pt\/wp-json\/wp\/v2\/categories?post=172408"},{"taxonomy":"post_tag","embeddable":true,"href":"https:\/\/www.ainia.com\/pt\/wp-json\/wp\/v2\/tags?post=172408"}],"curies":[{"name":"wp","href":"https:\/\/api.w.org\/{rel}","templated":true}]}}