{"id":172241,"date":"2024-08-28T10:45:18","date_gmt":"2024-08-28T08:45:18","guid":{"rendered":"https:\/\/www.ainia.com\/?p=172241"},"modified":"2024-08-28T10:46:56","modified_gmt":"2024-08-28T08:46:56","slug":"informacoes-e-rotulagem-sobre-produtos-cosmeticos","status":"publish","type":"post","link":"https:\/\/www.ainia.com\/pt\/ainia-news\/informacoes-e-rotulagem-sobre-produtos-cosmeticos\/","title":{"rendered":"Informa\u00e7\u00f5es e rotulagem sobre produtos cosm\u00e9ticos"},"content":{"rendered":"<html><body><div class=\"wpb-content-wrapper\"><p>[vc_row][vc_column][vc_column_text css=\u201d\u201d]A informa\u00e7\u00e3o que os consumidores de cosm\u00e9ticos recebem \u00e9 fundamental para fazer um uso consciente e seguro desse tipo de produtos. No artigo comentamos alguns dos aspectos mais relevantes do ponto de vista da legisla\u00e7\u00e3o aplic\u00e1vel na Espanha e na Uni\u00e3o Europeia para os cosm\u00e9ticos.<\/p>\n<p>Falamos de cosm\u00e9ticos, mas o <strong>que a legisla\u00e7\u00e3o entende por cosm\u00e9tico?<\/strong> Refere-se a toda subst\u00e2ncia ou mistura destinada a ser aplicada nas partes superficiais do corpo humano (epiderme, sistema piloso e capilar, unhas, l\u00e1bios e \u00f3rg\u00e3os genitais externos) ou nos dentes e nas mucosas bucais, com o objetivo exclusivo ou principal de limp\u00e1-los, perfum\u00e1-los, modificar sua apar\u00eancia, proteg\u00ea-los, mant\u00ea-los em bom estado ou corrigir os odores corporais. Al\u00e9m do conceito, os demais elementos chave que devemos considerar est\u00e3o estabelecidos no <strong>Regulamento 1223\/2009<\/strong> da UE e tamb\u00e9m na legisla\u00e7\u00e3o nacional para esses produtos (<strong>Real Decreto 85\/2018<\/strong>).<\/p>\n<p style=\"text-align: justify;\"><strong>Que informa\u00e7\u00f5es devem constar no r\u00f3tulo de um produto cosm\u00e9tico?<\/strong><\/p>\n<p style=\"text-align: justify;\">Os elementos que devem constar no r\u00f3tulo de qualquer cosm\u00e9tico s\u00e3o determinados pelo artigo 19 do Regulamento 1223\/2009. Essas informa\u00e7\u00f5es s\u00e3o essenciais para identificar o respons\u00e1vel, conhecer as caracter\u00edsticas do produto e ter presentes poss\u00edveis advert\u00eancias para um uso seguro do cosm\u00e9tico.<\/p>\n<ul style=\"text-align: justify;\">\n<li>Nome ou a raz\u00e3o social e o endere\u00e7o do operador respons\u00e1vel pelo cosm\u00e9tico comercializado. No caso dos importados, tamb\u00e9m dever\u00e1 constar o pa\u00eds de proced\u00eancia ou origem.<\/li>\n<li>Conte\u00fado nominal, que quantidade de produto vamos receber.<\/li>\n<li>Data de validade m\u00ednima ou, se for o caso, o prazo que temos para utilizar o produto uma vez aberto. N\u00e3o ser\u00e1 obrigat\u00f3rio para cosm\u00e9ticos com uma vida \u00fatil superior a trinta meses.<\/li>\n<li>Precau\u00e7\u00f5es de uso e advert\u00eancias. Por exemplo: \u201cEvite o contato com os olhos\u201d, \u201cApenas para uso profissional\u201d, \u201cTatuagens tempor\u00e1rias de \u2018henna negra\u2019 podem aumentar o risco de alergia\u201d.<\/li>\n<li>N\u00famero do lote.<\/li>\n<li>Fun\u00e7\u00e3o do produto.<\/li>\n<li>Lista de ingredientes.<\/li>\n<\/ul>\n<p style=\"text-align: justify;\"><strong>Os elementos obrigat\u00f3rios previstos pelo Regulamento 1223\/2009 devem estar etiquetados em espanhol, conforme estabelece o Real Decreto 85\/2018.<\/strong><\/p>\n<h3 style=\"text-align: justify;\"><strong>Informaci\u00f3n complementaria sobre los productos cosm\u00e9ticos<\/strong><\/h3>\n<p style=\"text-align: justify;\">Estes s\u00e3o os elementos essenciais que podemos encontrar no r\u00f3tulo dos cosm\u00e9ticos, embora n\u00e3o sejam os \u00fanicos. Nos produtos cosm\u00e9ticos, h\u00e1 muitas declara\u00e7\u00f5es sobre suas propriedades ou atributos. Nesse sentido, \u00e9 importante que os respons\u00e1veis pelo produto tenham em mente tanto o que estabelece o artigo 20 do Regulamento 1223\/2009, quanto o <strong>Regulamento 655\/2013<\/strong>, que estabelecem os crit\u00e9rios comuns aos quais as reivindica\u00e7\u00f5es relativas aos produtos cosm\u00e9ticos devem responder.<\/p>\n<p style=\"text-align: justify;\">Los <strong>criterios comunes <\/strong>que tenemos que considerar son:<\/p>\n<ol style=\"text-align: justify;\">\n<li><strong> Cumplimiento de la legislaci\u00f3n.<\/strong> No se permite reivindicar que el producto ha sido autorizado o aprobado por una autoridad competente UE. La aceptabilidad de una reivindicaci\u00f3n se basa en la percepci\u00f3n que de un producto cosm\u00e9tico tiene el usuario final medio (Jurisprudencia TJUE: consumidor medio, normalmente informado y razonablemente atento y perspicaz).<\/li>\n<\/ol>\n<ol style=\"text-align: justify;\" start=\"2\">\n<li><strong> Veracidad.<\/strong> Si se reivindica que un producto contiene un ingrediente determinado, este tiene que estar presente de forma deliberada. Las reivindicaciones de un ingrediente determinado no deben dar a entender que el producto acabado tiene esas mismas propiedades cuando no las tiene.<\/li>\n<\/ol>\n<ol style=\"text-align: justify;\" start=\"3\">\n<li><strong> Datos que sustentan la reivindicaci\u00f3n.<\/strong> Las reivindicaciones de productos cosm\u00e9ticos, expl\u00edcitas o impl\u00edcitas, tienen que sustentarse con elementos de prueba apropiados y verificables, cualquiera que sea su tipo, incluidas, en su caso, evaluaciones de expertos. Las pruebas para justificar la reivindicaci\u00f3n deben tener en cuenta las pr\u00e1cticas m\u00e1s avanzadas.<\/li>\n<\/ol>\n<p style=\"text-align: justify;\">Una <strong>reivindicaci\u00f3n que extrapole al producto <\/strong>acabado (expl\u00edcita o impl\u00edcitamente) <strong>propiedades de un ingrediente determinado tiene que estar sustentada por pruebas adecuadas y verificables<\/strong>, tales como datos que demuestren la presencia del ingrediente en una concentraci\u00f3n eficaz.<\/p>\n<ol style=\"text-align: justify;\" start=\"4\">\n<li><strong> Honradez.<\/strong> La reivindicaci\u00f3n de los efectos de un producto no debe ir m\u00e1s all\u00e1 de las pruebas disponibles. Las reivindicaciones no deben atribuir al producto en cuesti\u00f3n caracter\u00edsticas espec\u00edficas (es decir, \u00fanicas) si otros productos similares poseen las mismas caracter\u00edsticas. Si la acci\u00f3n de un producto est\u00e1 vinculada a condiciones espec\u00edficas, por ejemplo, que se utilice en asociaci\u00f3n con otros productos, esto debe indicarse claramente.<\/li>\n<\/ol>\n<ol style=\"text-align: justify;\" start=\"5\">\n<li><strong> Imparcialidad.<\/strong> Las reivindicaciones relativas a productos cosm\u00e9ticos han de ser objetivas y no denigrar a los competidores, ni denigrar ingredientes utilizados legalmente. Las reivindicaciones relativas a productos cosm\u00e9ticos no deben crear confusi\u00f3n con productos competidores.<\/li>\n<\/ol>\n<ol style=\"text-align: justify;\" start=\"6\">\n<li><strong> Toma de decisiones con conocimiento de causa<\/strong><strong>. <\/strong>Las reivindicaciones deben ser claras y comprensibles para el usuario final medio. Las reivindicaciones forman parte integrante de los productos y deben contener informaci\u00f3n que permita al usuario final medio decidir con conocimiento de causa. Todas las comunicaciones deben ser claras, precisas, pertinentes y comprensibles para los destinatarios.<\/li>\n<\/ol>\n<p style=\"text-align: justify;\">Si necesita un asesoramiento legal o t\u00e9cnico en relaci\u00f3n con las cuestiones ligadas con la regulaci\u00f3n sobre alimentos saludables, desde AINIA podemos ayudarles a trav\u00e9s del <a href=\"https:\/\/www.ainia.com\/sectores\/cosmetico\/\" target=\"_blank\" rel=\"noopener\"><strong>equipo de apoyo para cosm\u00e9tica.<\/strong><\/a><\/p>\n<p>[\/vc_column_text][\/vc_column][\/vc_row]<\/p>\n<\/div><\/body><\/html>","protected":false},"excerpt":{"rendered":"<p>[vc_row][vc_column][vc_column_text css=\u201d\u201d]A informa\u00e7\u00e3o que os consumidores de cosm\u00e9ticos recebem \u00e9 fundamental para fazer um uso consciente e seguro desse tipo de produtos. No artigo comentamos alguns dos aspectos mais relevantes do ponto de vista da legisla\u00e7\u00e3o aplic\u00e1vel na Espanha e na Uni\u00e3o Europeia para os cosm\u00e9ticos. Falamos de cosm\u00e9ticos, mas o que a legisla\u00e7\u00e3o entende [&hellip;]<\/p>\n","protected":false},"author":215,"featured_media":172242,"comment_status":"closed","ping_status":"closed","sticky":false,"template":"","format":"standard","meta":{"_acf_changed":false,"inline_featured_image":false,"footnotes":""},"categories":[1968],"tags":[],"class_list":["post-172241","post","type-post","status-publish","format-standard","hentry","category-legislacao"],"acf":[],"yoast_head":"<!-- This site is optimized with the Yoast SEO plugin v27.5 - https:\/\/yoast.com\/product\/yoast-seo-wordpress\/ -->\n<title>Informa\u00e7\u00f5es e rotulagem sobre produtos cosm\u00e9ticos - AINIA<\/title>\n<meta name=\"robots\" content=\"index, follow, max-snippet:-1, max-image-preview:large, max-video-preview:-1\" \/>\n<link rel=\"canonical\" href=\"https:\/\/www.ainia.com\/pt\/ainia-news\/informacoes-e-rotulagem-sobre-produtos-cosmeticos\/\" \/>\n<meta property=\"og:locale\" content=\"pt_PT\" \/>\n<meta property=\"og:type\" content=\"article\" \/>\n<meta property=\"og:title\" content=\"Informa\u00e7\u00f5es e rotulagem sobre produtos cosm\u00e9ticos - AINIA\" \/>\n<meta property=\"og:description\" content=\"[vc_row][vc_column][vc_column_text css=\u201d\u201d]A informa\u00e7\u00e3o que os consumidores de cosm\u00e9ticos recebem \u00e9 fundamental para fazer um uso consciente e seguro desse tipo de produtos. No artigo comentamos alguns dos aspectos mais relevantes do ponto de vista da legisla\u00e7\u00e3o aplic\u00e1vel na Espanha e na Uni\u00e3o Europeia para os cosm\u00e9ticos. Falamos de cosm\u00e9ticos, mas o que a legisla\u00e7\u00e3o entende [&hellip;]\" \/>\n<meta property=\"og:url\" content=\"https:\/\/www.ainia.com\/pt\/ainia-news\/informacoes-e-rotulagem-sobre-produtos-cosmeticos\/\" \/>\n<meta property=\"og:site_name\" content=\"AINIA\" \/>\n<meta property=\"article:published_time\" content=\"2024-08-28T08:45:18+00:00\" \/>\n<meta property=\"article:modified_time\" content=\"2024-08-28T08:46:56+00:00\" \/>\n<meta property=\"og:image\" content=\"https:\/\/www.ainia.com\/wp-content\/uploads\/2022\/11\/MicrosoftTeams-image-58-scaled.jpg\" \/>\n\t<meta property=\"og:image:width\" content=\"2560\" \/>\n\t<meta property=\"og:image:height\" content=\"1440\" \/>\n\t<meta property=\"og:image:type\" content=\"image\/jpeg\" \/>\n<meta name=\"author\" content=\"Jos\u00e9 Mar\u00eda Ferrer Villar\" \/>\n<meta name=\"twitter:card\" content=\"summary_large_image\" \/>\n<meta name=\"twitter:creator\" content=\"@JMFVILLAR\" \/>\n<meta name=\"twitter:label1\" content=\"Written by\" \/>\n\t<meta name=\"twitter:data1\" content=\"Jos\u00e9 Mar\u00eda Ferrer Villar\" \/>\n\t<meta name=\"twitter:label2\" content=\"Est. reading time\" \/>\n\t<meta name=\"twitter:data2\" content=\"4 minutes\" \/>\n<script type=\"application\/ld+json\" class=\"yoast-schema-graph\">{\"@context\":\"https:\\\/\\\/schema.org\",\"@graph\":[{\"@type\":\"Article\",\"@id\":\"https:\\\/\\\/www.ainia.com\\\/pt\\\/ainia-news\\\/informacoes-e-rotulagem-sobre-produtos-cosmeticos\\\/#article\",\"isPartOf\":{\"@id\":\"https:\\\/\\\/www.ainia.com\\\/pt\\\/ainia-news\\\/informacoes-e-rotulagem-sobre-produtos-cosmeticos\\\/\"},\"author\":{\"name\":\"Jos\u00e9 Mar\u00eda Ferrer Villar\",\"@id\":\"https:\\\/\\\/www.ainia.com\\\/pt\\\/#\\\/schema\\\/person\\\/aacedcef426f47522b2f6ef62b92202e\"},\"headline\":\"Informa\u00e7\u00f5es e rotulagem sobre produtos cosm\u00e9ticos\",\"datePublished\":\"2024-08-28T08:45:18+00:00\",\"dateModified\":\"2024-08-28T08:46:56+00:00\",\"mainEntityOfPage\":{\"@id\":\"https:\\\/\\\/www.ainia.com\\\/pt\\\/ainia-news\\\/informacoes-e-rotulagem-sobre-produtos-cosmeticos\\\/\"},\"wordCount\":873,\"publisher\":{\"@id\":\"https:\\\/\\\/www.ainia.com\\\/pt\\\/#organization\"},\"image\":{\"@id\":\"https:\\\/\\\/www.ainia.com\\\/pt\\\/ainia-news\\\/informacoes-e-rotulagem-sobre-produtos-cosmeticos\\\/#primaryimage\"},\"thumbnailUrl\":\"https:\\\/\\\/www.ainia.com\\\/wp-content\\\/uploads\\\/2022\\\/11\\\/MicrosoftTeams-image-58-scaled.jpg\",\"articleSection\":[\"Legisla\u00e7\u00e3o\"],\"inLanguage\":\"pt\"},{\"@type\":\"WebPage\",\"@id\":\"https:\\\/\\\/www.ainia.com\\\/pt\\\/ainia-news\\\/informacoes-e-rotulagem-sobre-produtos-cosmeticos\\\/\",\"url\":\"https:\\\/\\\/www.ainia.com\\\/pt\\\/ainia-news\\\/informacoes-e-rotulagem-sobre-produtos-cosmeticos\\\/\",\"name\":\"Informa\u00e7\u00f5es e rotulagem sobre produtos cosm\u00e9ticos - AINIA\",\"isPartOf\":{\"@id\":\"https:\\\/\\\/www.ainia.com\\\/pt\\\/#website\"},\"primaryImageOfPage\":{\"@id\":\"https:\\\/\\\/www.ainia.com\\\/pt\\\/ainia-news\\\/informacoes-e-rotulagem-sobre-produtos-cosmeticos\\\/#primaryimage\"},\"image\":{\"@id\":\"https:\\\/\\\/www.ainia.com\\\/pt\\\/ainia-news\\\/informacoes-e-rotulagem-sobre-produtos-cosmeticos\\\/#primaryimage\"},\"thumbnailUrl\":\"https:\\\/\\\/www.ainia.com\\\/wp-content\\\/uploads\\\/2022\\\/11\\\/MicrosoftTeams-image-58-scaled.jpg\",\"datePublished\":\"2024-08-28T08:45:18+00:00\",\"dateModified\":\"2024-08-28T08:46:56+00:00\",\"breadcrumb\":{\"@id\":\"https:\\\/\\\/www.ainia.com\\\/pt\\\/ainia-news\\\/informacoes-e-rotulagem-sobre-produtos-cosmeticos\\\/#breadcrumb\"},\"inLanguage\":\"pt\",\"potentialAction\":[{\"@type\":\"ReadAction\",\"target\":[\"https:\\\/\\\/www.ainia.com\\\/pt\\\/ainia-news\\\/informacoes-e-rotulagem-sobre-produtos-cosmeticos\\\/\"]}]},{\"@type\":\"ImageObject\",\"inLanguage\":\"pt\",\"@id\":\"https:\\\/\\\/www.ainia.com\\\/pt\\\/ainia-news\\\/informacoes-e-rotulagem-sobre-produtos-cosmeticos\\\/#primaryimage\",\"url\":\"https:\\\/\\\/www.ainia.com\\\/wp-content\\\/uploads\\\/2022\\\/11\\\/MicrosoftTeams-image-58-scaled.jpg\",\"contentUrl\":\"https:\\\/\\\/www.ainia.com\\\/wp-content\\\/uploads\\\/2022\\\/11\\\/MicrosoftTeams-image-58-scaled.jpg\",\"width\":2560,\"height\":1440},{\"@type\":\"BreadcrumbList\",\"@id\":\"https:\\\/\\\/www.ainia.com\\\/pt\\\/ainia-news\\\/informacoes-e-rotulagem-sobre-produtos-cosmeticos\\\/#breadcrumb\",\"itemListElement\":[{\"@type\":\"ListItem\",\"position\":1,\"name\":\"Portada\",\"item\":\"https:\\\/\\\/www.ainia.com\\\/pt\\\/\"},{\"@type\":\"ListItem\",\"position\":2,\"name\":\"Informa\u00e7\u00f5es e rotulagem sobre produtos cosm\u00e9ticos\"}]},{\"@type\":\"WebSite\",\"@id\":\"https:\\\/\\\/www.ainia.com\\\/pt\\\/#website\",\"url\":\"https:\\\/\\\/www.ainia.com\\\/pt\\\/\",\"name\":\"AINIA\",\"description\":\"AINIA\",\"publisher\":{\"@id\":\"https:\\\/\\\/www.ainia.com\\\/pt\\\/#organization\"},\"potentialAction\":[{\"@type\":\"SearchAction\",\"target\":{\"@type\":\"EntryPoint\",\"urlTemplate\":\"https:\\\/\\\/www.ainia.com\\\/pt\\\/?s={search_term_string}\"},\"query-input\":{\"@type\":\"PropertyValueSpecification\",\"valueRequired\":true,\"valueName\":\"search_term_string\"}}],\"inLanguage\":\"pt\"},{\"@type\":\"Organization\",\"@id\":\"https:\\\/\\\/www.ainia.com\\\/pt\\\/#organization\",\"name\":\"Ainia\",\"url\":\"https:\\\/\\\/www.ainia.com\\\/pt\\\/\",\"logo\":{\"@type\":\"ImageObject\",\"inLanguage\":\"pt\",\"@id\":\"https:\\\/\\\/www.ainia.com\\\/pt\\\/#\\\/schema\\\/logo\\\/image\\\/\",\"url\":\"https:\\\/\\\/www.ainia.com\\\/wp-content\\\/uploads\\\/2022\\\/01\\\/LOGO-AINIA-simple-alta-resolucion-sin-fondo-1.png\",\"contentUrl\":\"https:\\\/\\\/www.ainia.com\\\/wp-content\\\/uploads\\\/2022\\\/01\\\/LOGO-AINIA-simple-alta-resolucion-sin-fondo-1.png\",\"width\":1000,\"height\":346,\"caption\":\"Ainia\"},\"image\":{\"@id\":\"https:\\\/\\\/www.ainia.com\\\/pt\\\/#\\\/schema\\\/logo\\\/image\\\/\"}},{\"@type\":\"Person\",\"@id\":\"https:\\\/\\\/www.ainia.com\\\/pt\\\/#\\\/schema\\\/person\\\/aacedcef426f47522b2f6ef62b92202e\",\"name\":\"Jos\u00e9 Mar\u00eda Ferrer Villar\",\"image\":{\"@type\":\"ImageObject\",\"inLanguage\":\"pt\",\"@id\":\"https:\\\/\\\/secure.gravatar.com\\\/avatar\\\/84a3e86368148c8b5ca69c3c8bd8774bc8ab891e1e512db95c1534d4db0590b2?s=96&d=mm&r=g\",\"url\":\"https:\\\/\\\/secure.gravatar.com\\\/avatar\\\/84a3e86368148c8b5ca69c3c8bd8774bc8ab891e1e512db95c1534d4db0590b2?s=96&d=mm&r=g\",\"contentUrl\":\"https:\\\/\\\/secure.gravatar.com\\\/avatar\\\/84a3e86368148c8b5ca69c3c8bd8774bc8ab891e1e512db95c1534d4db0590b2?s=96&d=mm&r=g\",\"caption\":\"Jos\u00e9 Mar\u00eda Ferrer Villar\"},\"description\":\"Responsable de Asuntos Regulatorios Alimentarios.. Formaci\u00f3n\",\"sameAs\":[\"https:\\\/\\\/www.ainia.com\\\/contactar-jose-maria-ferrer\\\/\",\"www.linkedin.com\\\/in\\\/jmferrervillarderechoalimentario\",\"https:\\\/\\\/x.com\\\/JMFVILLAR\"],\"url\":\"https:\\\/\\\/www.ainia.com\\\/pt\\\/ainia-news\\\/author\\\/jose-maria-ferrer-villar\\\/\"}]}<\/script>\n<!-- \/ Yoast SEO plugin. -->","yoast_head_json":{"title":"Informa\u00e7\u00f5es e rotulagem sobre produtos cosm\u00e9ticos - AINIA","robots":{"index":"index","follow":"follow","max-snippet":"max-snippet:-1","max-image-preview":"max-image-preview:large","max-video-preview":"max-video-preview:-1"},"canonical":"https:\/\/www.ainia.com\/pt\/ainia-news\/informacoes-e-rotulagem-sobre-produtos-cosmeticos\/","og_locale":"pt_PT","og_type":"article","og_title":"Informa\u00e7\u00f5es e rotulagem sobre produtos cosm\u00e9ticos - AINIA","og_description":"[vc_row][vc_column][vc_column_text css=\u201d\u201d]A informa\u00e7\u00e3o que os consumidores de cosm\u00e9ticos recebem \u00e9 fundamental para fazer um uso consciente e seguro desse tipo de produtos. No artigo comentamos alguns dos aspectos mais relevantes do ponto de vista da legisla\u00e7\u00e3o aplic\u00e1vel na Espanha e na Uni\u00e3o Europeia para os cosm\u00e9ticos. Falamos de cosm\u00e9ticos, mas o que a legisla\u00e7\u00e3o entende [&hellip;]","og_url":"https:\/\/www.ainia.com\/pt\/ainia-news\/informacoes-e-rotulagem-sobre-produtos-cosmeticos\/","og_site_name":"AINIA","article_published_time":"2024-08-28T08:45:18+00:00","article_modified_time":"2024-08-28T08:46:56+00:00","og_image":[{"width":2560,"height":1440,"url":"https:\/\/www.ainia.com\/wp-content\/uploads\/2022\/11\/MicrosoftTeams-image-58-scaled.jpg","type":"image\/jpeg"}],"author":"Jos\u00e9 Mar\u00eda Ferrer Villar","twitter_card":"summary_large_image","twitter_creator":"@JMFVILLAR","twitter_misc":{"Written by":"Jos\u00e9 Mar\u00eda Ferrer Villar","Est. reading time":"4 minutes"},"schema":{"@context":"https:\/\/schema.org","@graph":[{"@type":"Article","@id":"https:\/\/www.ainia.com\/pt\/ainia-news\/informacoes-e-rotulagem-sobre-produtos-cosmeticos\/#article","isPartOf":{"@id":"https:\/\/www.ainia.com\/pt\/ainia-news\/informacoes-e-rotulagem-sobre-produtos-cosmeticos\/"},"author":{"name":"Jos\u00e9 Mar\u00eda Ferrer Villar","@id":"https:\/\/www.ainia.com\/pt\/#\/schema\/person\/aacedcef426f47522b2f6ef62b92202e"},"headline":"Informa\u00e7\u00f5es e rotulagem sobre produtos cosm\u00e9ticos","datePublished":"2024-08-28T08:45:18+00:00","dateModified":"2024-08-28T08:46:56+00:00","mainEntityOfPage":{"@id":"https:\/\/www.ainia.com\/pt\/ainia-news\/informacoes-e-rotulagem-sobre-produtos-cosmeticos\/"},"wordCount":873,"publisher":{"@id":"https:\/\/www.ainia.com\/pt\/#organization"},"image":{"@id":"https:\/\/www.ainia.com\/pt\/ainia-news\/informacoes-e-rotulagem-sobre-produtos-cosmeticos\/#primaryimage"},"thumbnailUrl":"https:\/\/www.ainia.com\/wp-content\/uploads\/2022\/11\/MicrosoftTeams-image-58-scaled.jpg","articleSection":["Legisla\u00e7\u00e3o"],"inLanguage":"pt"},{"@type":"WebPage","@id":"https:\/\/www.ainia.com\/pt\/ainia-news\/informacoes-e-rotulagem-sobre-produtos-cosmeticos\/","url":"https:\/\/www.ainia.com\/pt\/ainia-news\/informacoes-e-rotulagem-sobre-produtos-cosmeticos\/","name":"Informa\u00e7\u00f5es e rotulagem sobre produtos cosm\u00e9ticos - AINIA","isPartOf":{"@id":"https:\/\/www.ainia.com\/pt\/#website"},"primaryImageOfPage":{"@id":"https:\/\/www.ainia.com\/pt\/ainia-news\/informacoes-e-rotulagem-sobre-produtos-cosmeticos\/#primaryimage"},"image":{"@id":"https:\/\/www.ainia.com\/pt\/ainia-news\/informacoes-e-rotulagem-sobre-produtos-cosmeticos\/#primaryimage"},"thumbnailUrl":"https:\/\/www.ainia.com\/wp-content\/uploads\/2022\/11\/MicrosoftTeams-image-58-scaled.jpg","datePublished":"2024-08-28T08:45:18+00:00","dateModified":"2024-08-28T08:46:56+00:00","breadcrumb":{"@id":"https:\/\/www.ainia.com\/pt\/ainia-news\/informacoes-e-rotulagem-sobre-produtos-cosmeticos\/#breadcrumb"},"inLanguage":"pt","potentialAction":[{"@type":"ReadAction","target":["https:\/\/www.ainia.com\/pt\/ainia-news\/informacoes-e-rotulagem-sobre-produtos-cosmeticos\/"]}]},{"@type":"ImageObject","inLanguage":"pt","@id":"https:\/\/www.ainia.com\/pt\/ainia-news\/informacoes-e-rotulagem-sobre-produtos-cosmeticos\/#primaryimage","url":"https:\/\/www.ainia.com\/wp-content\/uploads\/2022\/11\/MicrosoftTeams-image-58-scaled.jpg","contentUrl":"https:\/\/www.ainia.com\/wp-content\/uploads\/2022\/11\/MicrosoftTeams-image-58-scaled.jpg","width":2560,"height":1440},{"@type":"BreadcrumbList","@id":"https:\/\/www.ainia.com\/pt\/ainia-news\/informacoes-e-rotulagem-sobre-produtos-cosmeticos\/#breadcrumb","itemListElement":[{"@type":"ListItem","position":1,"name":"Portada","item":"https:\/\/www.ainia.com\/pt\/"},{"@type":"ListItem","position":2,"name":"Informa\u00e7\u00f5es e rotulagem sobre produtos cosm\u00e9ticos"}]},{"@type":"WebSite","@id":"https:\/\/www.ainia.com\/pt\/#website","url":"https:\/\/www.ainia.com\/pt\/","name":"AINIA","description":"AINIA","publisher":{"@id":"https:\/\/www.ainia.com\/pt\/#organization"},"potentialAction":[{"@type":"SearchAction","target":{"@type":"EntryPoint","urlTemplate":"https:\/\/www.ainia.com\/pt\/?s={search_term_string}"},"query-input":{"@type":"PropertyValueSpecification","valueRequired":true,"valueName":"search_term_string"}}],"inLanguage":"pt"},{"@type":"Organization","@id":"https:\/\/www.ainia.com\/pt\/#organization","name":"Ainia","url":"https:\/\/www.ainia.com\/pt\/","logo":{"@type":"ImageObject","inLanguage":"pt","@id":"https:\/\/www.ainia.com\/pt\/#\/schema\/logo\/image\/","url":"https:\/\/www.ainia.com\/wp-content\/uploads\/2022\/01\/LOGO-AINIA-simple-alta-resolucion-sin-fondo-1.png","contentUrl":"https:\/\/www.ainia.com\/wp-content\/uploads\/2022\/01\/LOGO-AINIA-simple-alta-resolucion-sin-fondo-1.png","width":1000,"height":346,"caption":"Ainia"},"image":{"@id":"https:\/\/www.ainia.com\/pt\/#\/schema\/logo\/image\/"}},{"@type":"Person","@id":"https:\/\/www.ainia.com\/pt\/#\/schema\/person\/aacedcef426f47522b2f6ef62b92202e","name":"Jos\u00e9 Mar\u00eda Ferrer Villar","image":{"@type":"ImageObject","inLanguage":"pt","@id":"https:\/\/secure.gravatar.com\/avatar\/84a3e86368148c8b5ca69c3c8bd8774bc8ab891e1e512db95c1534d4db0590b2?s=96&d=mm&r=g","url":"https:\/\/secure.gravatar.com\/avatar\/84a3e86368148c8b5ca69c3c8bd8774bc8ab891e1e512db95c1534d4db0590b2?s=96&d=mm&r=g","contentUrl":"https:\/\/secure.gravatar.com\/avatar\/84a3e86368148c8b5ca69c3c8bd8774bc8ab891e1e512db95c1534d4db0590b2?s=96&d=mm&r=g","caption":"Jos\u00e9 Mar\u00eda Ferrer Villar"},"description":"Responsable de Asuntos Regulatorios Alimentarios.. Formaci\u00f3n","sameAs":["https:\/\/www.ainia.com\/contactar-jose-maria-ferrer\/","www.linkedin.com\/in\/jmferrervillarderechoalimentario","https:\/\/x.com\/JMFVILLAR"],"url":"https:\/\/www.ainia.com\/pt\/ainia-news\/author\/jose-maria-ferrer-villar\/"}]}},"_links":{"self":[{"href":"https:\/\/www.ainia.com\/pt\/wp-json\/wp\/v2\/posts\/172241","targetHints":{"allow":["GET"]}}],"collection":[{"href":"https:\/\/www.ainia.com\/pt\/wp-json\/wp\/v2\/posts"}],"about":[{"href":"https:\/\/www.ainia.com\/pt\/wp-json\/wp\/v2\/types\/post"}],"author":[{"embeddable":true,"href":"https:\/\/www.ainia.com\/pt\/wp-json\/wp\/v2\/users\/215"}],"replies":[{"embeddable":true,"href":"https:\/\/www.ainia.com\/pt\/wp-json\/wp\/v2\/comments?post=172241"}],"version-history":[{"count":1,"href":"https:\/\/www.ainia.com\/pt\/wp-json\/wp\/v2\/posts\/172241\/revisions"}],"predecessor-version":[{"id":172244,"href":"https:\/\/www.ainia.com\/pt\/wp-json\/wp\/v2\/posts\/172241\/revisions\/172244"}],"wp:featuredmedia":[{"embeddable":true,"href":"https:\/\/www.ainia.com\/pt\/wp-json\/wp\/v2\/media\/172242"}],"wp:attachment":[{"href":"https:\/\/www.ainia.com\/pt\/wp-json\/wp\/v2\/media?parent=172241"}],"wp:term":[{"taxonomy":"category","embeddable":true,"href":"https:\/\/www.ainia.com\/pt\/wp-json\/wp\/v2\/categories?post=172241"},{"taxonomy":"post_tag","embeddable":true,"href":"https:\/\/www.ainia.com\/pt\/wp-json\/wp\/v2\/tags?post=172241"}],"curies":[{"name":"wp","href":"https:\/\/api.w.org\/{rel}","templated":true}]}}