{"id":82054,"date":"2026-08-11T09:08:06","date_gmt":"2026-08-11T09:08:06","guid":{"rendered":"https:\/\/www.ainia.com\/emballages-ppwr-reglement-europeen\/"},"modified":"2026-08-11T09:08:06","modified_gmt":"2026-08-11T09:08:06","slug":"emballages-ppwr-reglement-europeen","status":"publish","type":"post","link":"https:\/\/www.ainia.com\/fr\/ainia-news\/emballages-ppwr-reglement-europeen\/","title":{"rendered":"Comment pr\u00e9parer les emballages au nouveau contexte r\u00e9glementaire europ\u00e9en"},"content":{"rendered":"<p class=\"isSelectedEnd\">Le <strong>12 ao\u00fbt 2026<\/strong> marquera une \u00e9tape importante pour la cha\u00eene de valeur de l\u2019emballage avec l\u2019application g\u00e9n\u00e9rale du <strong>r\u00e8glement (UE) 2025\/40 relatif aux emballages et aux d\u00e9chets d\u2019emballages<\/strong>, connu sous le nom de <em>PPWR<\/em>.<\/p>\n<p class=\"isSelectedEnd\">La nouvelle r\u00e9glementation implique un changement d\u2019approche. Il ne s\u2019agit plus uniquement de g\u00e9rer le d\u00e9chet lorsque l\u2019emballage arrive en fin de vie, mais d\u2019int\u00e9grer des crit\u00e8res de <strong>circularit\u00e9, de s\u00e9curit\u00e9 et de durabilit\u00e9 des emballages<\/strong> d\u00e8s leur conception. <\/p>\n<p class=\"isSelectedEnd\">Pour les entreprises alimentaires, les fabricants d\u2019emballages et les fournisseurs de mat\u00e9riaux, ce nouveau contexte exige de<strong> revoir le portefeuille actuel d\u2019emballages<\/strong>, d\u2019identifier les responsabilit\u00e9s et d\u2019organiser les informations techniques n\u00e9cessaires pour attester la conformit\u00e9 de chaque solution d\u2019emballage.<\/p>\n<h2>La premi\u00e8re \u00e9tape : conna\u00eetre le r\u00f4le de chaque entreprise<\/h2>\n<p class=\"isSelectedEnd\">L\u2019un des aspects essentiels pour se pr\u00e9parer consiste \u00e0 identifier correctement le r\u00f4le jou\u00e9 par chaque op\u00e9rateur au sein de la cha\u00eene.<\/p>\n<p class=\"isSelectedEnd\">Le <em>PPWR <\/em>distingue des acteurs tels que le <strong>fabricant, le fournisseur, l\u2019importateur ou le distributeur. <\/strong>Cette classification ne d\u00e9pend pas uniquement de l\u2019entit\u00e9 qui produit physiquement l\u2019emballage, mais \u00e9galement de facteurs tels que celle qui le commercialise sous son nom ou sa marque. <\/p>\n<p class=\"isSelectedEnd\">Par cons\u00e9quent, une entreprise alimentaire peut assumer les <strong>obligations propres au fabricant<\/strong> dans certains sc\u00e9narios, tandis que son fournisseur d\u2019emballages devra fournir les informations et les preuves n\u00e9cessaires pour attester la conformit\u00e9.<\/p>\n<p class=\"isSelectedEnd\">Cette r\u00e9partition des responsabilit\u00e9s rend indispensable le renforcement de la coordination entre les diff\u00e9rents acteurs. Les fabricants de mati\u00e8res premi\u00e8res, les transformateurs, les fabricants d\u2019emballages, les conditionneurs et la distribution devront \u00e9changer des informations de mani\u00e8re plus structur\u00e9e et tra\u00e7able. <\/p>\n<h2>La d\u00e9claration de conformit\u00e9 comme \u00e9l\u00e9ment structurant<\/h2>\n<p class=\"isSelectedEnd\">La <strong>d\u00e9claration de conformit\u00e9 des emballages <\/strong>occupe une position centrale dans le nouveau mod\u00e8le.<\/p>\n<p class=\"isSelectedEnd\">Elle ne doit pas \u00eatre consid\u00e9r\u00e9e comme un document isol\u00e9 ni comme une formalit\u00e9 administrative. Elle est le r\u00e9sultat d\u2019un processus pr\u00e9alable d\u2019\u00e9valuation au cours duquel sont recueillies et examin\u00e9es les preuves permettant de justifier qu\u2019un emballage d\u00e9termin\u00e9 respecte les exigences qui lui sont applicables. <\/p>\n<p class=\"isSelectedEnd\">Pour \u00e9tayer cette d\u00e9claration, il sera n\u00e9cessaire de disposer d\u2019une <strong>documentation technique suffisante<\/strong>. Celle-ci peut inclure des informations sur les mat\u00e9riaux, la composition, la conception, les dimensions, les r\u00e9sultats analytiques, les normes appliqu\u00e9es, les calculs ou les preuves fournies par les diff\u00e9rents fournisseurs. <\/p>\n<p class=\"isSelectedEnd\">La <strong>tra\u00e7abilit\u00e9 documentaire <\/strong>sera particuli\u00e8rement importante lorsqu\u2019un emballage combine plusieurs composants ou mat\u00e9riaux. Bouteilles, bouchons, \u00e9tiquettes, adh\u00e9sifs, encres, barquettes ou films peuvent provenir de fournisseurs diff\u00e9rents et \u00eatre soumis \u00e0 des exigences sp\u00e9cifiques. <\/p>\n<p class=\"isSelectedEnd\">L\u2019entreprise devra \u00eatre capable de construire une vision globale de l\u2019emballage sans perdre les informations correspondant \u00e0 chacune de ses parties.<\/p>\n<p>Si votre entreprise a besoin d\u2019approfondir ce processus, le prochain <strong>2 octobre 2026<\/strong> AINIA organise le <a href=\"https:\/\/formacion.ainia.es\/curso\/ppwr-declaracion-conformidad-envases\/\"><strong>Atelier R\u00e8glement europ\u00e9en sur les emballages (PPWR) : nouveaut\u00e9s et crit\u00e8res actualis\u00e9s pour \u00e9laborer avec succ\u00e8s la D\u00e9claration de Conformit\u00e9<\/strong><\/a>. Une session pratique destin\u00e9e aux entreprises au cours de laquelle nous aborderons les derni\u00e8res interpr\u00e9tations du <em>PPWR<\/em>, les exigences et les preuves \u00e0 int\u00e9grer dans la <strong>D\u00e9claration de Conformit\u00e9<\/strong>, les responsabilit\u00e9s des diff\u00e9rents op\u00e9rateurs et les principales questions qui se posent dans le cadre de son application.<\/p>\n<h2>Recyclabilit\u00e9 : de la d\u00e9claration \u00e0 la preuve<\/h2>\n<p class=\"isSelectedEnd\">La <strong>recyclabilit\u00e9 des emballages<\/strong> est l\u2019un des grands axes du nouveau cadre r\u00e9glementaire.<\/p>\n<p class=\"isSelectedEnd\">Jusqu\u2019\u00e0 pr\u00e9sent, de nombreuses entreprises ont utilis\u00e9 des messages sur la recyclabilit\u00e9 fond\u00e9s sur la nature g\u00e9n\u00e9rale du mat\u00e9riau. Cependant, le fait qu\u2019un mat\u00e9riau soit techniquement recyclable ne signifie pas n\u00e9cessairement que tout emballage fabriqu\u00e9 avec celui-ci puisse \u00eatre recycl\u00e9 de mani\u00e8re effective. <\/p>\n<p class=\"isSelectedEnd\">La conception, la combinaison des mat\u00e9riaux, les adh\u00e9sifs, les encres, les barri\u00e8res, les fermetures ou la facilit\u00e9 de s\u00e9paration des composants peuvent influencer le comportement de l\u2019emballage dans les processus de tri et de recyclage.<\/p>\n<p class=\"isSelectedEnd\">C\u2019est pourquoi l\u2019\u00e9valuation doit \u00eatre r\u00e9alis\u00e9e sur la <strong>solution d\u2019emballage compl\u00e8te <\/strong>et non uniquement sur le mat\u00e9riau principal.<\/p>\n<p class=\"isSelectedEnd\">La pr\u00e9paration au <em>PPWR <\/em>passe par la r\u00e9vision de la <strong>conception des emballages<\/strong> et l\u2019analyse de leur compatibilit\u00e9 avec les fili\u00e8res de recyclage disponibles. Il sera \u00e9galement n\u00e9cessaire de s\u2019appuyer sur des m\u00e9thodologies, des normes et des crit\u00e8res techniques reconnus permettant de justifier les d\u00e9cisions adopt\u00e9es. <\/p>\n<p class=\"isSelectedEnd\">Bien que certaines exigences soient mises en \u0153uvre progressivement au cours des prochaines ann\u00e9es, commencer \u00e0 travailler d\u00e8s maintenant permettra d\u2019\u00e9viter des modifications pr\u00e9cipit\u00e9es et d\u2019orienter les nouveaux investissements vers des solutions compatibles avec la future <strong>classification de recyclabilit\u00e9.<\/strong><\/p>\n<h2>Substances pr\u00e9occupantes et s\u00e9curit\u00e9 de l\u2019emballage<\/h2>\n<p class=\"isSelectedEnd\">La circularit\u00e9 ne peut pas \u00eatre abord\u00e9e ind\u00e9pendamment de la <strong>s\u00e9curit\u00e9 de l\u2019emballage.<\/strong><\/p>\n<p class=\"isSelectedEnd\">Le <em>PPWR <\/em>introduit des exigences li\u00e9es \u00e0 la pr\u00e9sence de certaines <strong>substances pr\u00e9occupantes<\/strong>, parmi lesquelles les <strong>PFAS dans les emballages destin\u00e9s \u00e0 entrer en contact avec des aliments<\/strong>. Cette question concerne particuli\u00e8rement certaines applications dans lesquelles des propri\u00e9t\u00e9s de r\u00e9sistance aux graisses, aux huiles ou \u00e0 l\u2019humidit\u00e9 sont requises. <\/p>\n<p class=\"isSelectedEnd\">L\u2019adaptation peut impliquer de revoir les mat\u00e9riaux, les rev\u00eatements, les traitements de surface et les formulations. Dans certains cas, il sera n\u00e9cessaire de rechercher des alternatives qui maintiennent les performances techniques de l\u2019emballage et sa capacit\u00e9 \u00e0 prot\u00e9ger le produit. <\/p>\n<p class=\"isSelectedEnd\">Le remplacement ne doit pas \u00eatre effectu\u00e9 uniquement pour \u00e9liminer une substance. Il faut \u00e9galement v\u00e9rifier que la nouvelle solution pr\u00e9serve la dur\u00e9e de conservation de l\u2019aliment, supporte les processus d\u2019emballage et de distribution et n\u2019introduit pas d\u2019autres risques. <\/p>\n<p class=\"isSelectedEnd\"><strong>L\u2019\u00e9coconception des emballages<\/strong> exige donc de trouver un \u00e9quilibre entre circularit\u00e9, s\u00e9curit\u00e9 alimentaire, fonctionnalit\u00e9 et efficacit\u00e9 productive.<\/p>\n<h2>Une opportunit\u00e9 pour repenser la strat\u00e9gie d\u2019emballage<\/h2>\n<p class=\"isSelectedEnd\">L\u2019application du <em>PPWR <\/em>repr\u00e9sente un d\u00e9fi en mati\u00e8re de conformit\u00e9, mais aussi une opportunit\u00e9 de revoir la <strong>strat\u00e9gie globale d\u2019emballage.<\/strong><\/p>\n<p class=\"isSelectedEnd\">Les entreprises qui int\u00e8grent d\u00e8s maintenant les crit\u00e8res r\u00e9glementaires dans leurs processus d\u2019innovation pourront r\u00e9duire les risques, anticiper les \u00e9volutions du march\u00e9 et am\u00e9liorer la coh\u00e9rence entre leurs objectifs de durabilit\u00e9 et leurs d\u00e9cisions techniques.<\/p>\n<p class=\"isSelectedEnd\">L\u2019emballage du futur devra remplir de multiples fonctions : prot\u00e9ger le produit, garantir sa s\u00e9curit\u00e9, minimiser le gaspillage, faciliter son utilisation par le consommateur et s\u2019adapter aux mod\u00e8les d\u2019\u00e9conomie circulaire.<\/p>\n<p class=\"isSelectedEnd\">Atteindre cet \u00e9quilibre exige une vision multidisciplinaire et la collaboration entre les d\u00e9partements de r\u00e9glementation, durabilit\u00e9, qualit\u00e9, achats, production, marketing et innovation<\/p>\n<p>Chez AINIA, nous accompagnons les entreprises dans le<strong> diagnostic de leurs emballages<\/strong>, l<strong>\u2019\u00e9valuation de leur recyclabilit\u00e9<\/strong>, la<strong> s\u00e9lection des mat\u00e9riaux,<\/strong> <strong>l\u2019\u00e9coconception <\/strong>et la production des<strong> informations techniques n\u00e9cessaires pour r\u00e9pondre au nouveau contexte r\u00e9glementaire.<\/strong> <\/p>\n","protected":false},"excerpt":{"rendered":"<p>Le 12 ao\u00fbt 2026 marquera une \u00e9tape importante pour la cha\u00eene de valeur de l\u2019emballage avec l\u2019application g\u00e9n\u00e9rale du r\u00e8glement (UE) 2025\/40 relatif aux emballages et aux d\u00e9chets d\u2019emballages, connu sous le nom de PPWR. La nouvelle r\u00e9glementation implique un changement d\u2019approche. Il ne s\u2019agit plus uniquement de g\u00e9rer le d\u00e9chet lorsque l\u2019emballage arrive en [&hellip;]<\/p>\n","protected":false},"author":389,"featured_media":82053,"comment_status":"closed","ping_status":"open","sticky":false,"template":"","format":"standard","meta":{"_acf_changed":false,"footnotes":""},"categories":[77,86,78],"tags":[410,408,406,362,409,407],"tipo-documento":[],"class_list":["post-82054","post","type-post","status-publish","format-standard","has-post-thumbnail","hentry","category-ainia-news","category-innovation-technologique","category-legislation","tag-conformite-reglementaire","tag-durabilite-des-emballages","tag-emballages","tag-ppwr","tag-recyclabilite","tag-reglementation-europeenne-sur-les-emballages"],"acf":[],"yoast_head":"<!-- This site is optimized with the Yoast SEO plugin v28.1 - https:\/\/yoast.com\/product\/yoast-seo-wordpress\/ -->\n<title>emballages nouveau contexte r\u00e9glementaire europ\u00e9en<\/title>\n<meta name=\"description\" content=\"Comment pr\u00e9parer les emballages au PPWR : d\u00e9claration de conformit\u00e9, recyclabilit\u00e9, substances pr\u00e9occupantes, \u00e9coconception...\" \/>\n<meta name=\"robots\" content=\"index, follow, max-snippet:-1, max-image-preview:large, max-video-preview:-1\" \/>\n<link rel=\"canonical\" href=\"https:\/\/www.ainia.com\/fr\/ainia-news\/emballages-ppwr-reglement-europeen\/\" \/>\n<meta property=\"og:locale\" content=\"fr_FR\" \/>\n<meta property=\"og:type\" content=\"article\" \/>\n<meta property=\"og:title\" content=\"emballages nouveau contexte r\u00e9glementaire europ\u00e9en\" \/>\n<meta property=\"og:description\" content=\"Comment pr\u00e9parer les emballages au PPWR : d\u00e9claration de conformit\u00e9, recyclabilit\u00e9, substances pr\u00e9occupantes, \u00e9coconception...\" \/>\n<meta property=\"og:url\" content=\"https:\/\/www.ainia.com\/fr\/ainia-news\/emballages-ppwr-reglement-europeen\/\" \/>\n<meta property=\"og:site_name\" content=\"AINIA\" \/>\n<meta property=\"article:published_time\" content=\"2026-08-11T09:08:06+00:00\" \/>\n<meta property=\"og:image\" content=\"https:\/\/www.ainia.com\/wp-content\/uploads\/ppwr-envases-12-agosto.jpg\" \/>\n\t<meta property=\"og:image:width\" content=\"1200\" \/>\n\t<meta property=\"og:image:height\" content=\"675\" \/>\n\t<meta property=\"og:image:type\" content=\"image\/jpeg\" \/>\n<meta name=\"author\" content=\"Leonor Pascual\" \/>\n<meta name=\"twitter:card\" content=\"summary_large_image\" \/>\n<meta name=\"twitter:label1\" content=\"\u00c9crit par\" \/>\n\t<meta name=\"twitter:data1\" content=\"Leonor Pascual\" \/>\n\t<meta name=\"twitter:label2\" content=\"Dur\u00e9e de lecture estim\u00e9e\" \/>\n\t<meta name=\"twitter:data2\" content=\"6 minutes\" \/>\n<script type=\"application\/ld+json\" class=\"yoast-schema-graph\">{\"@context\":\"https:\\\/\\\/schema.org\",\"@graph\":[{\"@type\":\"Article\",\"@id\":\"https:\\\/\\\/www.ainia.com\\\/fr\\\/ainia-news\\\/emballages-ppwr-reglement-europeen\\\/#article\",\"isPartOf\":{\"@id\":\"https:\\\/\\\/www.ainia.com\\\/fr\\\/ainia-news\\\/emballages-ppwr-reglement-europeen\\\/\"},\"author\":{\"name\":\"Leonor Pascual\",\"@id\":\"https:\\\/\\\/www.ainia.com\\\/fr\\\/#\\\/schema\\\/person\\\/6f30a8fa99ceeff92ce1901dd375a2b2\"},\"headline\":\"Comment pr\u00e9parer les emballages au nouveau contexte r\u00e9glementaire europ\u00e9en\",\"datePublished\":\"2026-08-11T09:08:06+00:00\",\"mainEntityOfPage\":{\"@id\":\"https:\\\/\\\/www.ainia.com\\\/fr\\\/ainia-news\\\/emballages-ppwr-reglement-europeen\\\/\"},\"wordCount\":1214,\"publisher\":{\"@id\":\"https:\\\/\\\/www.ainia.com\\\/fr\\\/#organization\"},\"image\":{\"@id\":\"https:\\\/\\\/www.ainia.com\\\/fr\\\/ainia-news\\\/emballages-ppwr-reglement-europeen\\\/#primaryimage\"},\"thumbnailUrl\":\"https:\\\/\\\/www.ainia.com\\\/wp-content\\\/uploads\\\/ppwr-envases-12-agosto.jpg\",\"keywords\":[\"conformit\u00e9 r\u00e9glementaire\",\"durabilit\u00e9 des emballages\",\"emballages\",\"PPWR\",\"recyclabilit\u00e9\",\"r\u00e9glementation europ\u00e9enne sur les emballages\"],\"articleSection\":[\"AINIA News\",\"Innovation technologique\",\"L\u00e9gislation\"],\"inLanguage\":\"fr-FR\"},{\"@type\":\"WebPage\",\"@id\":\"https:\\\/\\\/www.ainia.com\\\/fr\\\/ainia-news\\\/emballages-ppwr-reglement-europeen\\\/\",\"url\":\"https:\\\/\\\/www.ainia.com\\\/fr\\\/ainia-news\\\/emballages-ppwr-reglement-europeen\\\/\",\"name\":\"emballages nouveau contexte r\u00e9glementaire europ\u00e9en\",\"isPartOf\":{\"@id\":\"https:\\\/\\\/www.ainia.com\\\/fr\\\/#website\"},\"primaryImageOfPage\":{\"@id\":\"https:\\\/\\\/www.ainia.com\\\/fr\\\/ainia-news\\\/emballages-ppwr-reglement-europeen\\\/#primaryimage\"},\"image\":{\"@id\":\"https:\\\/\\\/www.ainia.com\\\/fr\\\/ainia-news\\\/emballages-ppwr-reglement-europeen\\\/#primaryimage\"},\"thumbnailUrl\":\"https:\\\/\\\/www.ainia.com\\\/wp-content\\\/uploads\\\/ppwr-envases-12-agosto.jpg\",\"datePublished\":\"2026-08-11T09:08:06+00:00\",\"description\":\"Comment pr\u00e9parer les emballages au PPWR : d\u00e9claration de conformit\u00e9, recyclabilit\u00e9, substances pr\u00e9occupantes, \u00e9coconception...\",\"breadcrumb\":{\"@id\":\"https:\\\/\\\/www.ainia.com\\\/fr\\\/ainia-news\\\/emballages-ppwr-reglement-europeen\\\/#breadcrumb\"},\"inLanguage\":\"fr-FR\",\"potentialAction\":[{\"@type\":\"ReadAction\",\"target\":[\"https:\\\/\\\/www.ainia.com\\\/fr\\\/ainia-news\\\/emballages-ppwr-reglement-europeen\\\/\"]}]},{\"@type\":\"ImageObject\",\"inLanguage\":\"fr-FR\",\"@id\":\"https:\\\/\\\/www.ainia.com\\\/fr\\\/ainia-news\\\/emballages-ppwr-reglement-europeen\\\/#primaryimage\",\"url\":\"https:\\\/\\\/www.ainia.com\\\/wp-content\\\/uploads\\\/ppwr-envases-12-agosto.jpg\",\"contentUrl\":\"https:\\\/\\\/www.ainia.com\\\/wp-content\\\/uploads\\\/ppwr-envases-12-agosto.jpg\",\"width\":1200,\"height\":675,\"caption\":\"ppwr envases 12 agosto\"},{\"@type\":\"BreadcrumbList\",\"@id\":\"https:\\\/\\\/www.ainia.com\\\/fr\\\/ainia-news\\\/emballages-ppwr-reglement-europeen\\\/#breadcrumb\",\"itemListElement\":[{\"@type\":\"ListItem\",\"position\":1,\"name\":\"AINIA\",\"item\":\"https:\\\/\\\/www.ainia.com\\\/fr\\\/\"},{\"@type\":\"ListItem\",\"position\":2,\"name\":\"AINIA News\",\"item\":\"https:\\\/\\\/www.ainia.com\\\/fr\\\/ainia-news\\\/\"},{\"@type\":\"ListItem\",\"position\":3,\"name\":\"Comment pr\u00e9parer les emballages au nouveau contexte r\u00e9glementaire europ\u00e9en\"}]},{\"@type\":\"WebSite\",\"@id\":\"https:\\\/\\\/www.ainia.com\\\/fr\\\/#website\",\"url\":\"https:\\\/\\\/www.ainia.com\\\/fr\\\/\",\"name\":\"AINIA\",\"description\":\"\",\"publisher\":{\"@id\":\"https:\\\/\\\/www.ainia.com\\\/fr\\\/#organization\"},\"potentialAction\":[{\"@type\":\"SearchAction\",\"target\":{\"@type\":\"EntryPoint\",\"urlTemplate\":\"https:\\\/\\\/www.ainia.com\\\/fr\\\/?s={search_term_string}\"},\"query-input\":{\"@type\":\"PropertyValueSpecification\",\"valueRequired\":true,\"valueName\":\"search_term_string\"}}],\"inLanguage\":\"fr-FR\"},{\"@type\":\"Organization\",\"@id\":\"https:\\\/\\\/www.ainia.com\\\/fr\\\/#organization\",\"name\":\"AINIA\",\"url\":\"https:\\\/\\\/www.ainia.com\\\/fr\\\/\",\"logo\":{\"@type\":\"ImageObject\",\"inLanguage\":\"fr-FR\",\"@id\":\"https:\\\/\\\/www.ainia.com\\\/fr\\\/#\\\/schema\\\/logo\\\/image\\\/\",\"url\":\"https:\\\/\\\/www.ainia.com\\\/wp-content\\\/uploads\\\/2025\\\/09\\\/Logo-vector-AINIA.svg\",\"contentUrl\":\"https:\\\/\\\/www.ainia.com\\\/wp-content\\\/uploads\\\/2025\\\/09\\\/Logo-vector-AINIA.svg\",\"width\":148,\"height\":40,\"caption\":\"AINIA\"},\"image\":{\"@id\":\"https:\\\/\\\/www.ainia.com\\\/fr\\\/#\\\/schema\\\/logo\\\/image\\\/\"}},{\"@type\":\"Person\",\"@id\":\"https:\\\/\\\/www.ainia.com\\\/fr\\\/#\\\/schema\\\/person\\\/6f30a8fa99ceeff92ce1901dd375a2b2\",\"name\":\"Leonor Pascual\",\"image\":{\"@type\":\"ImageObject\",\"inLanguage\":\"fr-FR\",\"@id\":\"https:\\\/\\\/www.ainia.com\\\/wp-content\\\/uploads\\\/Leonor-Pascual.jpg\",\"url\":\"https:\\\/\\\/www.ainia.com\\\/wp-content\\\/uploads\\\/Leonor-Pascual.jpg\",\"contentUrl\":\"https:\\\/\\\/www.ainia.com\\\/wp-content\\\/uploads\\\/Leonor-Pascual.jpg\",\"caption\":\"Leonor Pascual\"},\"description\":\"Responsable de proyectos en tecnologias del envase de ainia\",\"sameAs\":[\"https:\\\/\\\/www.ainia.com\\\/ainia\\\/sobre-ainia\\\/ainia-contacto-informacion\\\/\"],\"url\":\"https:\\\/\\\/www.ainia.com\\\/fr\\\/author\\\/leonor-pascual\\\/\"}]}<\/script>\n<!-- \/ Yoast SEO plugin. -->","yoast_head_json":{"title":"emballages nouveau contexte r\u00e9glementaire europ\u00e9en","description":"Comment pr\u00e9parer les emballages au PPWR : d\u00e9claration de conformit\u00e9, recyclabilit\u00e9, substances pr\u00e9occupantes, \u00e9coconception...","robots":{"index":"index","follow":"follow","max-snippet":"max-snippet:-1","max-image-preview":"max-image-preview:large","max-video-preview":"max-video-preview:-1"},"canonical":"https:\/\/www.ainia.com\/fr\/ainia-news\/emballages-ppwr-reglement-europeen\/","og_locale":"fr_FR","og_type":"article","og_title":"emballages nouveau contexte r\u00e9glementaire europ\u00e9en","og_description":"Comment pr\u00e9parer les emballages au PPWR : d\u00e9claration de conformit\u00e9, recyclabilit\u00e9, substances pr\u00e9occupantes, \u00e9coconception...","og_url":"https:\/\/www.ainia.com\/fr\/ainia-news\/emballages-ppwr-reglement-europeen\/","og_site_name":"AINIA","article_published_time":"2026-08-11T09:08:06+00:00","og_image":[{"width":1200,"height":675,"url":"https:\/\/www.ainia.com\/wp-content\/uploads\/ppwr-envases-12-agosto.jpg","type":"image\/jpeg"}],"author":"Leonor Pascual","twitter_card":"summary_large_image","twitter_misc":{"\u00c9crit par":"Leonor Pascual","Dur\u00e9e de lecture estim\u00e9e":"6 minutes"},"schema":{"@context":"https:\/\/schema.org","@graph":[{"@type":"Article","@id":"https:\/\/www.ainia.com\/fr\/ainia-news\/emballages-ppwr-reglement-europeen\/#article","isPartOf":{"@id":"https:\/\/www.ainia.com\/fr\/ainia-news\/emballages-ppwr-reglement-europeen\/"},"author":{"name":"Leonor Pascual","@id":"https:\/\/www.ainia.com\/fr\/#\/schema\/person\/6f30a8fa99ceeff92ce1901dd375a2b2"},"headline":"Comment pr\u00e9parer les emballages au nouveau contexte r\u00e9glementaire europ\u00e9en","datePublished":"2026-08-11T09:08:06+00:00","mainEntityOfPage":{"@id":"https:\/\/www.ainia.com\/fr\/ainia-news\/emballages-ppwr-reglement-europeen\/"},"wordCount":1214,"publisher":{"@id":"https:\/\/www.ainia.com\/fr\/#organization"},"image":{"@id":"https:\/\/www.ainia.com\/fr\/ainia-news\/emballages-ppwr-reglement-europeen\/#primaryimage"},"thumbnailUrl":"https:\/\/www.ainia.com\/wp-content\/uploads\/ppwr-envases-12-agosto.jpg","keywords":["conformit\u00e9 r\u00e9glementaire","durabilit\u00e9 des emballages","emballages","PPWR","recyclabilit\u00e9","r\u00e9glementation europ\u00e9enne sur les emballages"],"articleSection":["AINIA News","Innovation technologique","L\u00e9gislation"],"inLanguage":"fr-FR"},{"@type":"WebPage","@id":"https:\/\/www.ainia.com\/fr\/ainia-news\/emballages-ppwr-reglement-europeen\/","url":"https:\/\/www.ainia.com\/fr\/ainia-news\/emballages-ppwr-reglement-europeen\/","name":"emballages nouveau contexte r\u00e9glementaire europ\u00e9en","isPartOf":{"@id":"https:\/\/www.ainia.com\/fr\/#website"},"primaryImageOfPage":{"@id":"https:\/\/www.ainia.com\/fr\/ainia-news\/emballages-ppwr-reglement-europeen\/#primaryimage"},"image":{"@id":"https:\/\/www.ainia.com\/fr\/ainia-news\/emballages-ppwr-reglement-europeen\/#primaryimage"},"thumbnailUrl":"https:\/\/www.ainia.com\/wp-content\/uploads\/ppwr-envases-12-agosto.jpg","datePublished":"2026-08-11T09:08:06+00:00","description":"Comment pr\u00e9parer les emballages au PPWR : d\u00e9claration de conformit\u00e9, recyclabilit\u00e9, substances pr\u00e9occupantes, \u00e9coconception...","breadcrumb":{"@id":"https:\/\/www.ainia.com\/fr\/ainia-news\/emballages-ppwr-reglement-europeen\/#breadcrumb"},"inLanguage":"fr-FR","potentialAction":[{"@type":"ReadAction","target":["https:\/\/www.ainia.com\/fr\/ainia-news\/emballages-ppwr-reglement-europeen\/"]}]},{"@type":"ImageObject","inLanguage":"fr-FR","@id":"https:\/\/www.ainia.com\/fr\/ainia-news\/emballages-ppwr-reglement-europeen\/#primaryimage","url":"https:\/\/www.ainia.com\/wp-content\/uploads\/ppwr-envases-12-agosto.jpg","contentUrl":"https:\/\/www.ainia.com\/wp-content\/uploads\/ppwr-envases-12-agosto.jpg","width":1200,"height":675,"caption":"ppwr envases 12 agosto"},{"@type":"BreadcrumbList","@id":"https:\/\/www.ainia.com\/fr\/ainia-news\/emballages-ppwr-reglement-europeen\/#breadcrumb","itemListElement":[{"@type":"ListItem","position":1,"name":"AINIA","item":"https:\/\/www.ainia.com\/fr\/"},{"@type":"ListItem","position":2,"name":"AINIA News","item":"https:\/\/www.ainia.com\/fr\/ainia-news\/"},{"@type":"ListItem","position":3,"name":"Comment pr\u00e9parer les emballages au nouveau contexte r\u00e9glementaire europ\u00e9en"}]},{"@type":"WebSite","@id":"https:\/\/www.ainia.com\/fr\/#website","url":"https:\/\/www.ainia.com\/fr\/","name":"AINIA","description":"","publisher":{"@id":"https:\/\/www.ainia.com\/fr\/#organization"},"potentialAction":[{"@type":"SearchAction","target":{"@type":"EntryPoint","urlTemplate":"https:\/\/www.ainia.com\/fr\/?s={search_term_string}"},"query-input":{"@type":"PropertyValueSpecification","valueRequired":true,"valueName":"search_term_string"}}],"inLanguage":"fr-FR"},{"@type":"Organization","@id":"https:\/\/www.ainia.com\/fr\/#organization","name":"AINIA","url":"https:\/\/www.ainia.com\/fr\/","logo":{"@type":"ImageObject","inLanguage":"fr-FR","@id":"https:\/\/www.ainia.com\/fr\/#\/schema\/logo\/image\/","url":"https:\/\/www.ainia.com\/wp-content\/uploads\/2025\/09\/Logo-vector-AINIA.svg","contentUrl":"https:\/\/www.ainia.com\/wp-content\/uploads\/2025\/09\/Logo-vector-AINIA.svg","width":148,"height":40,"caption":"AINIA"},"image":{"@id":"https:\/\/www.ainia.com\/fr\/#\/schema\/logo\/image\/"}},{"@type":"Person","@id":"https:\/\/www.ainia.com\/fr\/#\/schema\/person\/6f30a8fa99ceeff92ce1901dd375a2b2","name":"Leonor Pascual","image":{"@type":"ImageObject","inLanguage":"fr-FR","@id":"https:\/\/www.ainia.com\/wp-content\/uploads\/Leonor-Pascual.jpg","url":"https:\/\/www.ainia.com\/wp-content\/uploads\/Leonor-Pascual.jpg","contentUrl":"https:\/\/www.ainia.com\/wp-content\/uploads\/Leonor-Pascual.jpg","caption":"Leonor Pascual"},"description":"Responsable de proyectos en tecnologias del envase de ainia","sameAs":["https:\/\/www.ainia.com\/ainia\/sobre-ainia\/ainia-contacto-informacion\/"],"url":"https:\/\/www.ainia.com\/fr\/author\/leonor-pascual\/"}]}},"_links":{"self":[{"href":"https:\/\/www.ainia.com\/fr\/wp-json\/wp\/v2\/posts\/82054","targetHints":{"allow":["GET"]}}],"collection":[{"href":"https:\/\/www.ainia.com\/fr\/wp-json\/wp\/v2\/posts"}],"about":[{"href":"https:\/\/www.ainia.com\/fr\/wp-json\/wp\/v2\/types\/post"}],"author":[{"embeddable":true,"href":"https:\/\/www.ainia.com\/fr\/wp-json\/wp\/v2\/users\/389"}],"replies":[{"embeddable":true,"href":"https:\/\/www.ainia.com\/fr\/wp-json\/wp\/v2\/comments?post=82054"}],"version-history":[{"count":0,"href":"https:\/\/www.ainia.com\/fr\/wp-json\/wp\/v2\/posts\/82054\/revisions"}],"wp:featuredmedia":[{"embeddable":true,"href":"https:\/\/www.ainia.com\/fr\/wp-json\/wp\/v2\/media\/82053"}],"wp:attachment":[{"href":"https:\/\/www.ainia.com\/fr\/wp-json\/wp\/v2\/media?parent=82054"}],"wp:term":[{"taxonomy":"category","embeddable":true,"href":"https:\/\/www.ainia.com\/fr\/wp-json\/wp\/v2\/categories?post=82054"},{"taxonomy":"post_tag","embeddable":true,"href":"https:\/\/www.ainia.com\/fr\/wp-json\/wp\/v2\/tags?post=82054"},{"taxonomy":"tipo-documento","embeddable":true,"href":"https:\/\/www.ainia.com\/fr\/wp-json\/wp\/v2\/tipo-documento?post=82054"}],"curies":[{"name":"wp","href":"https:\/\/api.w.org\/{rel}","templated":true}]}}