{"id":188623,"date":"2026-03-12T13:29:33","date_gmt":"2026-03-12T12:29:33","guid":{"rendered":"https:\/\/www.ainia.com\/?p=188623"},"modified":"2026-04-02T13:18:38","modified_gmt":"2026-04-02T12:18:38","slug":"cosmetique-naturel-et-bio-en-skin-care-tendances-en-formulation-et-durabilite","status":"publish","type":"post","link":"https:\/\/www.ainia.com\/fr\/ainia-news\/cosmetique-naturel-et-bio-en-skin-care-tendances-en-formulation-et-durabilite\/","title":{"rendered":"Cosm\u00e9tique naturel et bio en skin care: tendances en formulation et durabilit\u00e9"},"content":{"rendered":"<html><body><p>La demande d\u2019ingr\u00e9dients naturels r\u00e9pond \u00e0 des consommateurs de plus en plus inform\u00e9s, pr\u00e9occup\u00e9s par la sant\u00e9, l\u2019environnement et la transparence. Dans ce contexte, les entreprises misent de plus en plus sur le d\u00e9veloppement d\u2019ingr\u00e9dients bioactifs gr\u00e2ce \u00e0 des proc\u00e9d\u00e9s biotechnologiques et \u00e0 des m\u00e9thodes d\u2019extraction propres. Dans cet article, nous explorons ce que signifie r\u00e9ellement \u00ab naturel \u00bb en cosm\u00e9tique et analysons les principales <strong>tendances de formulation avec des ingr\u00e9dients naturels.<\/strong><\/p>\n<article>\n<section>\n<ul>\n<li><strong><a href=\"#tendencias-formulacion\">Tendances : ingr\u00e9dients cosm\u00e9tiques naturels en formulation<\/a><\/strong><\/li>\n<li><strong><a href=\"#antioxidantes-calmantes\">Antioxydants et actifs apaisants<\/a><\/strong><\/li>\n<li><strong><a href=\"#luminosidad-fotoenvejecimiento\">\u00c9clat et photo-vieillissement<\/a><\/strong><\/li>\n<li><strong><a href=\"#postbioticos-senales-celulares\">Postbiotiques et signaux cellulaires<\/a><\/strong><\/li>\n<li><strong><a href=\"#barrera-cutanea-sensorial\">Barri\u00e8re cutan\u00e9e et sensorialit\u00e9<\/a><\/strong><\/li>\n<li><strong><a href=\"#textura-seborregulacion\">Texture et s\u00e9bor\u00e9gulation<\/a><\/strong><\/li>\n<li><strong><a href=\"#que-significa-natural\">Que signifie \u00ab naturel \u00bb en cosm\u00e9tique aujourd\u2019hui ?<\/a><\/strong><\/li>\n<li><strong><a href=\"#descarga-infografia\">T\u00e9l\u00e9charger l\u2019infographie<\/a><\/strong><\/li>\n<\/ul>\n<\/section>\n<section id=\"tendencias-formulacion\">\n<h2>Tendances : ingr\u00e9dients cosm\u00e9tiques naturels en formulation<\/h2>\n<p>La formulation cosm\u00e9tique \u00e0 base d\u2019ingr\u00e9dients naturels s\u2019oriente de plus en plus vers des actifs fonctionnels dot\u00e9s de <strong>preuves scientifiques, d\u2019une origine durable et d\u2019une compatibilit\u00e9 avec la peau.<\/strong> Les tendances actuelles combinent efficacit\u00e9 dermatologique et innovation technologique, donnant naissance \u00e0 des formules qui non seulement respectent l\u2019environnement, mais offrent \u00e9galement des b\u00e9n\u00e9fices visibles et durables.<\/p>\n<table>\n<thead>\n<tr>\n<th>B\u00e9n\u00e9fice cl\u00e9<\/th>\n<th>Ingr\u00e9dients cl\u00e9s<\/th>\n<\/tr>\n<\/thead>\n<tbody>\n<tr>\n<td><strong>Antioxydants et actifs apaisants<\/strong><\/td>\n<td>Resv\u00e9ratrol ; Centella asiatica ; Polyph\u00e9nols de th\u00e9 vert ; Extrait de r\u00e9glisse ; Extrait de caf\u00e9 vert<\/td>\n<\/tr>\n<tr>\n<td><strong>\u00c9clat et photo-vieillissement<\/strong><\/td>\n<td>R\u00e9tinol et alternative naturelle (bakuchiol) ; Vitamine C (acide ascorbique et d\u00e9riv\u00e9s) ; Extrait d\u2019ac\u00e9rola ; Niacinamide d\u2019origine v\u00e9g\u00e9tale<\/td>\n<\/tr>\n<tr>\n<td><strong>Postbiotiques et signaux cellulaires<\/strong><\/td>\n<td>V\u00e9sicules extracellulaires d\u2019origine microbienne ; Lactobacillus ferment\u00e9 ; Postbiotiques lipidiques<\/td>\n<\/tr>\n<tr>\n<td><strong>Barri\u00e8re cutan\u00e9e et sensorialit\u00e9<\/strong><\/td>\n<td>C\u00e9ramides v\u00e9g\u00e9tales ; Acides gras essentiels (om\u00e9ga 3 et 6) ; Extrait d\u2019avoine<\/td>\n<\/tr>\n<tr>\n<td><strong>Texture et s\u00e9bor\u00e9gulation<\/strong><\/td>\n<td>Extrait de bardane ; Hamam\u00e9lis ; Th\u00e9 vert<\/td>\n<\/tr>\n<\/tbody>\n<\/table>\n<\/section>\n<section id=\"antioxidantes-calmantes\">\n<h3><strong>Antioxydants et actifs apaisants<\/strong><\/h3>\n<p>Les antioxydants naturels prot\u00e8gent la peau contre le stress oxydatif, r\u00e9duisent l\u2019inflammation et am\u00e9liorent la tol\u00e9rance cutan\u00e9e.<\/p>\n<ul>\n<li><a href=\"https:\/\/www.ainia.com\/fr\/ainia-news\/quels-sont-les-bienfaits-du-resveratrol-applications-en-cosmetique-et-preuves-scientifiques\/\"><strong>Resv\u00e9ratrol<\/strong><\/a> : puissant antioxydant d\u2019origine v\u00e9g\u00e9tale aux propri\u00e9t\u00e9s anti-inflammatoires et anti-\u00e2ge.<\/li>\n<li><strong>Centella asiatica<\/strong> : hydratation profonde et action antioxydante.<\/li>\n<li><strong>Polyph\u00e9nols de th\u00e9 vert<\/strong> : neutralisent les radicaux libres et apaisent les peaux sensibles.<\/li>\n<li><strong>Extrait de r\u00e9glisse<\/strong> : action apaisante et d\u00e9pigmentante, id\u00e9al pour les peaux r\u00e9actives.<\/li>\n<li><strong>Extrait de caf\u00e9 vert<\/strong> : riche en acide linol\u00e9ique et en compos\u00e9s ph\u00e9noliques, avec effet antioxydant, hydratant et protecteur contre les agressions ext\u00e9rieures.<\/li>\n<\/ul>\n<\/section>\n<section id=\"luminosidad-fotoenvejecimiento\">\n<h3><strong>\u00c9clat et photo-vieillissement<\/strong><\/h3>\n<p>Les ingr\u00e9dients naturels qui favorisent l\u2019\u00e9clat et combattent les dommages caus\u00e9s par le soleil sont essentiels dans les formulations anti-\u00e2ge.<\/p>\n<ul>\n<li><strong><a href=\"https:\/\/www.ainia.com\/fr\/ainia-news\/retinol-encapsule-cosmetique\/\">R\u00e9tinol<\/a> (et ses alternatives d\u2019origine naturelle comme le bakuchiol, consid\u00e9r\u00e9 comme le \u00ab r\u00e9tinol \u00bb naturel)<\/strong> contribue \u00e0 am\u00e9liorer la texture, lisser les ridules et soutenir le renouvellement cutan\u00e9.<\/li>\n<li><a href=\"https:\/\/www.ainia.com\/fr\/ainia-news\/where-to-get-vitamin-c-biotechnological-production-and-applications-in-cosmetics\/\"><strong>Vitamine C<\/strong><\/a> (acide ascorbique et d\u00e9riv\u00e9s) : stimule le collag\u00e8ne, am\u00e9liore le teint et r\u00e9duit les taches.<\/li>\n<li><strong>Extrait d\u2019ac\u00e9rola<\/strong> : source naturelle de vitamine C \u00e0 haute biodisponibilit\u00e9.<\/li>\n<li><strong>Niacinamide d\u2019origine v\u00e9g\u00e9tale<\/strong> : am\u00e9liore la texture et l\u2019\u00e9clat de la peau.<\/li>\n<\/ul>\n<\/section>\n<section id=\"postbioticos-senales-celulares\">\n<h3><strong>Postbiotiques et signaux cellulaires<\/strong><\/h3>\n<p>Les postbiotiques et les v\u00e9sicules extracellulaires modulent le microbiote cutan\u00e9 et am\u00e9liorent la communication cellulaire.<\/p>\n<ul>\n<li><strong>V\u00e9sicules extracellulaires<\/strong> d\u2019origine microbienne : transportent des signaux bioactifs qui renforcent la fonction barri\u00e8re.<\/li>\n<li><strong>Lactobacillus ferment\u00e9<\/strong> : am\u00e9liore l\u2019hydratation et r\u00e9duit la sensibilit\u00e9.<\/li>\n<li><strong>Postbiotiques lipidiques<\/strong> : restaurent l\u2019\u00e9quilibre microbiologique de la peau.<\/li>\n<\/ul>\n<\/section>\n<section id=\"barrera-cutanea-sensorial\">\n<h3><strong>Barri\u00e8re cutan\u00e9e et sensorialit\u00e9<\/strong><\/h3>\n<p>La protection de la barri\u00e8re cutan\u00e9e est essentielle pour pr\u00e9venir les irritations et am\u00e9liorer l\u2019exp\u00e9rience sensorielle.<\/p>\n<ul>\n<li><strong>C\u00e9ramides v\u00e9g\u00e9tales<\/strong> : restaurent la structure lipidique de la peau.<\/li>\n<li><strong>Acides gras essentiels<\/strong> (om\u00e9ga 3 et 6) : renforcent la coh\u00e9sion cellulaire.<\/li>\n<li><strong>Extrait d\u2019avoine<\/strong> : r\u00e9duit la r\u00e9activit\u00e9 et am\u00e9liore la douceur.<\/li>\n<\/ul>\n<\/section>\n<section id=\"textura-seborregulacion\">\n<h3><strong>Texture et s\u00e9bor\u00e9gulation<\/strong><\/h3>\n<p>Les ingr\u00e9dients naturels permettent \u00e9galement de contr\u00f4ler le s\u00e9bum et d\u2019am\u00e9liorer la texture sans perturber l\u2019\u00e9quilibre cutan\u00e9.<\/p>\n<ul>\n<li><strong>Extrait de bardane<\/strong> : r\u00e9gule la production de s\u00e9bum et purifie.<\/li>\n<li><strong>Hamam\u00e9lis<\/strong> : action astringente et anti-inflammatoire.<\/li>\n<li><strong>Th\u00e9 vert<\/strong> : s\u00e9bor\u00e9gulateur avec effet antioxydant.<\/li>\n<\/ul>\n<\/section>\n<section id=\"que-significa-natural\">\n<h2>Que signifie \u00ab naturel \u00bb en cosm\u00e9tique aujourd\u2019hui ?<\/h2>\n<p>Le concept de \u00ab naturel \u00bb en cosm\u00e9tique a \u00e9volu\u00e9 au-del\u00e0 de la simple extraction v\u00e9g\u00e9tale. Dans le <strong>domaine de la R&amp;D<\/strong>, nous parlons d\u2019<a href=\"https:\/\/www.ainia.com\/fr\/developpement-dingredients-et-ou-de-composes-bioactifs-pour-les-produits-cosmetiques-et-dhygiene-personnelle\/\"><strong>ingr\u00e9dients cosm\u00e9tiques naturels<\/strong><\/a> obtenus gr\u00e2ce \u00e0 des technologies avanc\u00e9es qui garantissent efficacit\u00e9, puret\u00e9 et durabilit\u00e9. Parmi celles-ci :<\/p>\n<ul>\n<li><strong>Les proc\u00e9d\u00e9s biotechnologiques<\/strong> tels que la fermentation microbienne, les cultures cellulaires v\u00e9g\u00e9tales ou la biocatalyse enzymatique, qui permettent de g\u00e9n\u00e9rer des mol\u00e9cules bio-identiques, hautement reproductibles et exemptes d\u2019impuret\u00e9s.<\/li>\n<li><strong>Les technologies d\u2019extraction propres<\/strong>, comme le CO\u2082 supercritique, qui concentrent les actifs, \u00e9liminent les r\u00e9sidus ind\u00e9sirables et pr\u00e9servent les compos\u00e9s thermolabiles sans recourir \u00e0 des solvants organiques.<\/li>\n<li><strong>L\u2019encapsulation et la lib\u00e9ration cibl\u00e9e<\/strong>, qui stabilisent les ingr\u00e9dients sensibles, am\u00e9liorent leur biodisponibilit\u00e9 cutan\u00e9e et facilitent leur dosage dans les proc\u00e9d\u00e9s industriels.<\/li>\n<li>Par ailleurs, l\u2019approche \u00ab naturelle \u00bb implique une <strong>tra\u00e7abilit\u00e9 compl\u00e8te de l\u2019INCI<\/strong>, une standardisation lot par lot et une validation de l\u2019efficacit\u00e9 \u00e0 l\u2019aide de mod\u00e8les in vitro avanc\u00e9s, \u00e9tape pr\u00e9alable aux \u00e9tudes in vivo ou aux tests d\u2019usage.<\/li>\n<\/ul>\n<\/section>\n<section id=\"descarga-infografia\">\n<h2>T\u00e9l\u00e9charger l\u2019infographie<\/h2>\n<p>T\u00e9l\u00e9charger l\u2019infographie : 5 tendances biotechnologiques en cosm\u00e9tique naturelle<\/p>\n<p>Souhaitez-vous avoir une vision claire et structur\u00e9e de l\u2019\u00e9volution de la <strong>cosm\u00e9tique naturelle<\/strong> gr\u00e2ce \u00e0 la biotechnologie ?<\/p>\n<p>Nous avons pr\u00e9par\u00e9 une <strong>infographie<\/strong> qui rassemble les 5 tendances biotechnologiques transformant la cosm\u00e9tique naturelle, ainsi que leurs b\u00e9n\u00e9fices strat\u00e9giques et leurs cl\u00e9s d\u2019application en formulation.<\/p>\n<p><a href=\"https:\/\/www.ainia.com\/fr\/publications\/cosmetique\/5-tendances-biotechnologiques-qui-transforment-la-cosmetique-naturelle\/\"><strong>5 tendances biotechnologiques en cosm\u00e9tique naturelle \u2013 AINIA<\/strong><\/a><\/p>\n<\/section>\n<p><img decoding=\"async\" class=\"alignnone wp-image-179338 size-large\" src=\"https:\/\/www.ainia.com\/wp-content\/uploads\/2025\/05\/RRH_0230-1-1024x681.jpg\" alt=\"cosmetique\" width=\"1024\" height=\"681\" srcset=\"https:\/\/www.ainia.com\/wp-content\/uploads\/2025\/05\/RRH_0230-1-1024x681.jpg 1024w, https:\/\/www.ainia.com\/wp-content\/uploads\/2025\/05\/RRH_0230-1-300x200.jpg 300w, https:\/\/www.ainia.com\/wp-content\/uploads\/2025\/05\/RRH_0230-1-768x511.jpg 768w, https:\/\/www.ainia.com\/wp-content\/uploads\/2025\/05\/RRH_0230-1.jpg 1512w\" sizes=\"(max-width: 1024px) 100vw, 1024px\"><em><strong><span class=\"TextRun SCXW65815597 BCX8\" lang=\"FR-FR\" xml:lang=\"FR-FR\" data-contrast=\"auto\"><span class=\"NormalTextRun SCXW65815597 BCX8\">Financ\u00e9<\/span><span class=\"NormalTextRun SCXW65815597 BCX8\">\u00a0par le\u00a0<\/span><span class=\"NormalTextRun SCXW65815597 BCX8\">programme<\/span><span class=\"NormalTextRun SCXW65815597 BCX8\">\u00a0<\/span><span class=\"NormalTextRun SCXW65815597 BCX8\">d\u2019aides<\/span><span class=\"NormalTextRun SCXW65815597 BCX8\">\u00a0\u00e0\u00a0<\/span><span class=\"NormalTextRun SCXW65815597 BCX8\">l\u2019embauche<\/span><span class=\"NormalTextRun SCXW65815597 BCX8\">\u00a0de\u00a0<\/span><span class=\"NormalTextRun SCXW65815597 BCX8\">jeunes<\/span><span class=\"NormalTextRun SCXW65815597 BCX8\">\u00a0<\/span><span class=\"NormalTextRun SCXW65815597 BCX8\">professionnels<\/span><span class=\"NormalTextRun SCXW65815597 BCX8\">\u00a0<\/span><span class=\"NormalTextRun SCXW65815597 BCX8\">sp\u00e9cialis\u00e9s<\/span><span class=\"NormalTextRun SCXW65815597 BCX8\">\u00a0en\u00a0<\/span><span class=\"NormalTextRun SCXW65815597 BCX8\">internationalisation<\/span><\/span><span class=\"EOP SCXW65815597 BCX8\" data-ccp-props='{\"134233117\":false,\"134233118\":false,\"201341983\":0,\"335559685\":720,\"335559738\":0,\"335559739\":0,\"335559740\":300}'>\u00a0<\/span><\/strong><\/em><\/p>\n<p><img decoding=\"async\" class=\"alignnone wp-image-191113 size-large\" src=\"https:\/\/www.ainia.com\/wp-content\/uploads\/2026\/02\/Imagen1-1024x109.png\" alt=\"\" width=\"1024\" height=\"109\" srcset=\"https:\/\/www.ainia.com\/wp-content\/uploads\/2026\/02\/Imagen1-1024x109.png 1024w, https:\/\/www.ainia.com\/wp-content\/uploads\/2026\/02\/Imagen1-300x32.png 300w, https:\/\/www.ainia.com\/wp-content\/uploads\/2026\/02\/Imagen1-768x82.png 768w, https:\/\/www.ainia.com\/wp-content\/uploads\/2026\/02\/Imagen1-1536x164.png 1536w, https:\/\/www.ainia.com\/wp-content\/uploads\/2026\/02\/Imagen1.png 1878w\" sizes=\"(max-width: 1024px) 100vw, 1024px\"><\/p>\n<\/article>\n<\/body><\/html>","protected":false},"excerpt":{"rendered":"<p>La demande d\u2019ingr\u00e9dients naturels r\u00e9pond \u00e0 des consommateurs de plus en plus inform\u00e9s, pr\u00e9occup\u00e9s par la sant\u00e9, l\u2019environnement et la transparence. Dans ce contexte, les entreprises misent de plus en plus sur le d\u00e9veloppement d\u2019ingr\u00e9dients bioactifs gr\u00e2ce \u00e0 des proc\u00e9d\u00e9s biotechnologiques et \u00e0 des m\u00e9thodes d\u2019extraction propres. Dans cet article, nous explorons ce que signifie [&hellip;]<\/p>\n","protected":false},"author":318,"featured_media":188617,"comment_status":"closed","ping_status":"closed","sticky":false,"template":"","format":"standard","meta":{"_acf_changed":false,"inline_featured_image":false,"footnotes":""},"categories":[1976],"tags":[],"class_list":["post-188623","post","type-post","status-publish","format-standard","hentry","category-innovation-technologique"],"acf":[],"yoast_head":"<!-- This site is optimized with the Yoast SEO plugin v27.4 - https:\/\/yoast.com\/product\/yoast-seo-wordpress\/ -->\n<title>Cosm\u00e9tique naturel et bio en skin care: tendances en formulation<\/title>\n<meta name=\"description\" content=\"Cosm\u00e9tique naturel et bio : d\u00e9couvrez les tendances en formulation, les actifs d\u2019origine durable et les technologies biotechnologiques qui renforcent l\u2019efficacit\u00e9, la tra\u00e7abilit\u00e9 et la performance des produits de soin.\" \/>\n<meta name=\"robots\" content=\"index, follow, max-snippet:-1, max-image-preview:large, max-video-preview:-1\" \/>\n<link rel=\"canonical\" href=\"https:\/\/www.ainia.com\/fr\/ainia-news\/cosmetique-naturel-et-bio-en-skin-care-tendances-en-formulation-et-durabilite\/\" \/>\n<meta property=\"og:locale\" content=\"fr_FR\" \/>\n<meta property=\"og:type\" content=\"article\" \/>\n<meta property=\"og:title\" content=\"Cosm\u00e9tique naturel et bio en skin care: tendances en formulation\" \/>\n<meta property=\"og:description\" content=\"Cosm\u00e9tique naturel et bio : d\u00e9couvrez les tendances en formulation, les actifs d\u2019origine durable et les technologies biotechnologiques qui renforcent l\u2019efficacit\u00e9, la tra\u00e7abilit\u00e9 et la performance des produits de soin.\" \/>\n<meta property=\"og:url\" content=\"https:\/\/www.ainia.com\/fr\/ainia-news\/cosmetique-naturel-et-bio-en-skin-care-tendances-en-formulation-et-durabilite\/\" \/>\n<meta property=\"og:site_name\" content=\"AINIA\" \/>\n<meta property=\"article:published_time\" content=\"2026-03-12T12:29:33+00:00\" \/>\n<meta property=\"article:modified_time\" content=\"2026-04-02T12:18:38+00:00\" \/>\n<meta property=\"og:image\" content=\"https:\/\/www.ainia.com\/wp-content\/uploads\/2026\/03\/natural-cosmetics-flat-lay-2025-03-13-23-12-28-utc-1-1.jpg\" \/>\n\t<meta property=\"og:image:width\" content=\"1200\" \/>\n\t<meta property=\"og:image:height\" content=\"801\" \/>\n\t<meta property=\"og:image:type\" content=\"image\/jpeg\" \/>\n<meta name=\"author\" content=\"Carolina Colv\u00e9e\" \/>\n<meta name=\"twitter:card\" content=\"summary_large_image\" \/>\n<meta name=\"twitter:label1\" content=\"Written by\" \/>\n\t<meta name=\"twitter:data1\" content=\"Carolina Colv\u00e9e\" \/>\n\t<meta name=\"twitter:label2\" content=\"Est. reading time\" \/>\n\t<meta name=\"twitter:data2\" content=\"5 minutes\" \/>\n<script type=\"application\/ld+json\" class=\"yoast-schema-graph\">{\"@context\":\"https:\\\/\\\/schema.org\",\"@graph\":[{\"@type\":\"Article\",\"@id\":\"https:\\\/\\\/www.ainia.com\\\/fr\\\/ainia-news\\\/cosmetique-naturel-et-bio-en-skin-care-tendances-en-formulation-et-durabilite\\\/#article\",\"isPartOf\":{\"@id\":\"https:\\\/\\\/www.ainia.com\\\/fr\\\/ainia-news\\\/cosmetique-naturel-et-bio-en-skin-care-tendances-en-formulation-et-durabilite\\\/\"},\"author\":{\"name\":\"Carolina Colv\u00e9e\",\"@id\":\"https:\\\/\\\/www.ainia.com\\\/fr\\\/#\\\/schema\\\/person\\\/a0594a955fe8d0a3a2c51f8a95b5a5a5\"},\"headline\":\"Cosm\u00e9tique naturel et bio en skin care: tendances en formulation et durabilit\u00e9\",\"datePublished\":\"2026-03-12T12:29:33+00:00\",\"dateModified\":\"2026-04-02T12:18:38+00:00\",\"mainEntityOfPage\":{\"@id\":\"https:\\\/\\\/www.ainia.com\\\/fr\\\/ainia-news\\\/cosmetique-naturel-et-bio-en-skin-care-tendances-en-formulation-et-durabilite\\\/\"},\"wordCount\":995,\"publisher\":{\"@id\":\"https:\\\/\\\/www.ainia.com\\\/fr\\\/#organization\"},\"image\":{\"@id\":\"https:\\\/\\\/www.ainia.com\\\/fr\\\/ainia-news\\\/cosmetique-naturel-et-bio-en-skin-care-tendances-en-formulation-et-durabilite\\\/#primaryimage\"},\"thumbnailUrl\":\"https:\\\/\\\/www.ainia.com\\\/wp-content\\\/uploads\\\/2026\\\/03\\\/natural-cosmetics-flat-lay-2025-03-13-23-12-28-utc-1-1.jpg\",\"articleSection\":[\"Innovation technologique\"],\"inLanguage\":\"fr\"},{\"@type\":\"WebPage\",\"@id\":\"https:\\\/\\\/www.ainia.com\\\/fr\\\/ainia-news\\\/cosmetique-naturel-et-bio-en-skin-care-tendances-en-formulation-et-durabilite\\\/\",\"url\":\"https:\\\/\\\/www.ainia.com\\\/fr\\\/ainia-news\\\/cosmetique-naturel-et-bio-en-skin-care-tendances-en-formulation-et-durabilite\\\/\",\"name\":\"Cosm\u00e9tique naturel et bio en skin care: tendances en formulation\",\"isPartOf\":{\"@id\":\"https:\\\/\\\/www.ainia.com\\\/fr\\\/#website\"},\"primaryImageOfPage\":{\"@id\":\"https:\\\/\\\/www.ainia.com\\\/fr\\\/ainia-news\\\/cosmetique-naturel-et-bio-en-skin-care-tendances-en-formulation-et-durabilite\\\/#primaryimage\"},\"image\":{\"@id\":\"https:\\\/\\\/www.ainia.com\\\/fr\\\/ainia-news\\\/cosmetique-naturel-et-bio-en-skin-care-tendances-en-formulation-et-durabilite\\\/#primaryimage\"},\"thumbnailUrl\":\"https:\\\/\\\/www.ainia.com\\\/wp-content\\\/uploads\\\/2026\\\/03\\\/natural-cosmetics-flat-lay-2025-03-13-23-12-28-utc-1-1.jpg\",\"datePublished\":\"2026-03-12T12:29:33+00:00\",\"dateModified\":\"2026-04-02T12:18:38+00:00\",\"description\":\"Cosm\u00e9tique naturel et bio : d\u00e9couvrez les tendances en formulation, les actifs d\u2019origine durable et les technologies biotechnologiques qui renforcent l\u2019efficacit\u00e9, la tra\u00e7abilit\u00e9 et la performance des produits de soin.\",\"breadcrumb\":{\"@id\":\"https:\\\/\\\/www.ainia.com\\\/fr\\\/ainia-news\\\/cosmetique-naturel-et-bio-en-skin-care-tendances-en-formulation-et-durabilite\\\/#breadcrumb\"},\"inLanguage\":\"fr\",\"potentialAction\":[{\"@type\":\"ReadAction\",\"target\":[\"https:\\\/\\\/www.ainia.com\\\/fr\\\/ainia-news\\\/cosmetique-naturel-et-bio-en-skin-care-tendances-en-formulation-et-durabilite\\\/\"]}]},{\"@type\":\"ImageObject\",\"inLanguage\":\"fr\",\"@id\":\"https:\\\/\\\/www.ainia.com\\\/fr\\\/ainia-news\\\/cosmetique-naturel-et-bio-en-skin-care-tendances-en-formulation-et-durabilite\\\/#primaryimage\",\"url\":\"https:\\\/\\\/www.ainia.com\\\/wp-content\\\/uploads\\\/2026\\\/03\\\/natural-cosmetics-flat-lay-2025-03-13-23-12-28-utc-1-1.jpg\",\"contentUrl\":\"https:\\\/\\\/www.ainia.com\\\/wp-content\\\/uploads\\\/2026\\\/03\\\/natural-cosmetics-flat-lay-2025-03-13-23-12-28-utc-1-1.jpg\",\"width\":1200,\"height\":801,\"caption\":\"Natural cosmetics\"},{\"@type\":\"BreadcrumbList\",\"@id\":\"https:\\\/\\\/www.ainia.com\\\/fr\\\/ainia-news\\\/cosmetique-naturel-et-bio-en-skin-care-tendances-en-formulation-et-durabilite\\\/#breadcrumb\",\"itemListElement\":[{\"@type\":\"ListItem\",\"position\":1,\"name\":\"Portada\",\"item\":\"https:\\\/\\\/www.ainia.com\\\/fr\\\/\"},{\"@type\":\"ListItem\",\"position\":2,\"name\":\"Cosm\u00e9tique naturel et bio en skin care: tendances en formulation et durabilit\u00e9\"}]},{\"@type\":\"WebSite\",\"@id\":\"https:\\\/\\\/www.ainia.com\\\/fr\\\/#website\",\"url\":\"https:\\\/\\\/www.ainia.com\\\/fr\\\/\",\"name\":\"AINIA\",\"description\":\"AINIA\",\"publisher\":{\"@id\":\"https:\\\/\\\/www.ainia.com\\\/fr\\\/#organization\"},\"potentialAction\":[{\"@type\":\"SearchAction\",\"target\":{\"@type\":\"EntryPoint\",\"urlTemplate\":\"https:\\\/\\\/www.ainia.com\\\/fr\\\/?s={search_term_string}\"},\"query-input\":{\"@type\":\"PropertyValueSpecification\",\"valueRequired\":true,\"valueName\":\"search_term_string\"}}],\"inLanguage\":\"fr\"},{\"@type\":\"Organization\",\"@id\":\"https:\\\/\\\/www.ainia.com\\\/fr\\\/#organization\",\"name\":\"Ainia\",\"url\":\"https:\\\/\\\/www.ainia.com\\\/fr\\\/\",\"logo\":{\"@type\":\"ImageObject\",\"inLanguage\":\"fr\",\"@id\":\"https:\\\/\\\/www.ainia.com\\\/fr\\\/#\\\/schema\\\/logo\\\/image\\\/\",\"url\":\"https:\\\/\\\/www.ainia.com\\\/wp-content\\\/uploads\\\/2022\\\/01\\\/LOGO-AINIA-simple-alta-resolucion-sin-fondo-1.png\",\"contentUrl\":\"https:\\\/\\\/www.ainia.com\\\/wp-content\\\/uploads\\\/2022\\\/01\\\/LOGO-AINIA-simple-alta-resolucion-sin-fondo-1.png\",\"width\":1000,\"height\":346,\"caption\":\"Ainia\"},\"image\":{\"@id\":\"https:\\\/\\\/www.ainia.com\\\/fr\\\/#\\\/schema\\\/logo\\\/image\\\/\"}},{\"@type\":\"Person\",\"@id\":\"https:\\\/\\\/www.ainia.com\\\/fr\\\/#\\\/schema\\\/person\\\/a0594a955fe8d0a3a2c51f8a95b5a5a5\",\"name\":\"Carolina Colv\u00e9e\",\"image\":{\"@type\":\"ImageObject\",\"inLanguage\":\"fr\",\"@id\":\"https:\\\/\\\/secure.gravatar.com\\\/avatar\\\/4a27086b8660a74949cbd82ca666423c7008e570b55f66b6580d1b71db90b595?s=96&d=mm&r=g\",\"url\":\"https:\\\/\\\/secure.gravatar.com\\\/avatar\\\/4a27086b8660a74949cbd82ca666423c7008e570b55f66b6580d1b71db90b595?s=96&d=mm&r=g\",\"contentUrl\":\"https:\\\/\\\/secure.gravatar.com\\\/avatar\\\/4a27086b8660a74949cbd82ca666423c7008e570b55f66b6580d1b71db90b595?s=96&d=mm&r=g\",\"caption\":\"Carolina Colv\u00e9e\"},\"url\":\"https:\\\/\\\/www.ainia.com\\\/fr\\\/ainia-news\\\/author\\\/carolina-clovee\\\/\"}]}<\/script>\n<!-- \/ Yoast SEO plugin. -->","yoast_head_json":{"title":"Cosm\u00e9tique naturel et bio en skin care: tendances en formulation","description":"Cosm\u00e9tique naturel et bio : d\u00e9couvrez les tendances en formulation, les actifs d\u2019origine durable et les technologies biotechnologiques qui renforcent l\u2019efficacit\u00e9, la tra\u00e7abilit\u00e9 et la performance des produits de soin.","robots":{"index":"index","follow":"follow","max-snippet":"max-snippet:-1","max-image-preview":"max-image-preview:large","max-video-preview":"max-video-preview:-1"},"canonical":"https:\/\/www.ainia.com\/fr\/ainia-news\/cosmetique-naturel-et-bio-en-skin-care-tendances-en-formulation-et-durabilite\/","og_locale":"fr_FR","og_type":"article","og_title":"Cosm\u00e9tique naturel et bio en skin care: tendances en formulation","og_description":"Cosm\u00e9tique naturel et bio : d\u00e9couvrez les tendances en formulation, les actifs d\u2019origine durable et les technologies biotechnologiques qui renforcent l\u2019efficacit\u00e9, la tra\u00e7abilit\u00e9 et la performance des produits de soin.","og_url":"https:\/\/www.ainia.com\/fr\/ainia-news\/cosmetique-naturel-et-bio-en-skin-care-tendances-en-formulation-et-durabilite\/","og_site_name":"AINIA","article_published_time":"2026-03-12T12:29:33+00:00","article_modified_time":"2026-04-02T12:18:38+00:00","og_image":[{"width":1200,"height":801,"url":"https:\/\/www.ainia.com\/wp-content\/uploads\/2026\/03\/natural-cosmetics-flat-lay-2025-03-13-23-12-28-utc-1-1.jpg","type":"image\/jpeg"}],"author":"Carolina Colv\u00e9e","twitter_card":"summary_large_image","twitter_misc":{"Written by":"Carolina Colv\u00e9e","Est. reading time":"5 minutes"},"schema":{"@context":"https:\/\/schema.org","@graph":[{"@type":"Article","@id":"https:\/\/www.ainia.com\/fr\/ainia-news\/cosmetique-naturel-et-bio-en-skin-care-tendances-en-formulation-et-durabilite\/#article","isPartOf":{"@id":"https:\/\/www.ainia.com\/fr\/ainia-news\/cosmetique-naturel-et-bio-en-skin-care-tendances-en-formulation-et-durabilite\/"},"author":{"name":"Carolina Colv\u00e9e","@id":"https:\/\/www.ainia.com\/fr\/#\/schema\/person\/a0594a955fe8d0a3a2c51f8a95b5a5a5"},"headline":"Cosm\u00e9tique naturel et bio en skin care: tendances en formulation et durabilit\u00e9","datePublished":"2026-03-12T12:29:33+00:00","dateModified":"2026-04-02T12:18:38+00:00","mainEntityOfPage":{"@id":"https:\/\/www.ainia.com\/fr\/ainia-news\/cosmetique-naturel-et-bio-en-skin-care-tendances-en-formulation-et-durabilite\/"},"wordCount":995,"publisher":{"@id":"https:\/\/www.ainia.com\/fr\/#organization"},"image":{"@id":"https:\/\/www.ainia.com\/fr\/ainia-news\/cosmetique-naturel-et-bio-en-skin-care-tendances-en-formulation-et-durabilite\/#primaryimage"},"thumbnailUrl":"https:\/\/www.ainia.com\/wp-content\/uploads\/2026\/03\/natural-cosmetics-flat-lay-2025-03-13-23-12-28-utc-1-1.jpg","articleSection":["Innovation technologique"],"inLanguage":"fr"},{"@type":"WebPage","@id":"https:\/\/www.ainia.com\/fr\/ainia-news\/cosmetique-naturel-et-bio-en-skin-care-tendances-en-formulation-et-durabilite\/","url":"https:\/\/www.ainia.com\/fr\/ainia-news\/cosmetique-naturel-et-bio-en-skin-care-tendances-en-formulation-et-durabilite\/","name":"Cosm\u00e9tique naturel et bio en skin care: tendances en formulation","isPartOf":{"@id":"https:\/\/www.ainia.com\/fr\/#website"},"primaryImageOfPage":{"@id":"https:\/\/www.ainia.com\/fr\/ainia-news\/cosmetique-naturel-et-bio-en-skin-care-tendances-en-formulation-et-durabilite\/#primaryimage"},"image":{"@id":"https:\/\/www.ainia.com\/fr\/ainia-news\/cosmetique-naturel-et-bio-en-skin-care-tendances-en-formulation-et-durabilite\/#primaryimage"},"thumbnailUrl":"https:\/\/www.ainia.com\/wp-content\/uploads\/2026\/03\/natural-cosmetics-flat-lay-2025-03-13-23-12-28-utc-1-1.jpg","datePublished":"2026-03-12T12:29:33+00:00","dateModified":"2026-04-02T12:18:38+00:00","description":"Cosm\u00e9tique naturel et bio : d\u00e9couvrez les tendances en formulation, les actifs d\u2019origine durable et les technologies biotechnologiques qui renforcent l\u2019efficacit\u00e9, la tra\u00e7abilit\u00e9 et la performance des produits de soin.","breadcrumb":{"@id":"https:\/\/www.ainia.com\/fr\/ainia-news\/cosmetique-naturel-et-bio-en-skin-care-tendances-en-formulation-et-durabilite\/#breadcrumb"},"inLanguage":"fr","potentialAction":[{"@type":"ReadAction","target":["https:\/\/www.ainia.com\/fr\/ainia-news\/cosmetique-naturel-et-bio-en-skin-care-tendances-en-formulation-et-durabilite\/"]}]},{"@type":"ImageObject","inLanguage":"fr","@id":"https:\/\/www.ainia.com\/fr\/ainia-news\/cosmetique-naturel-et-bio-en-skin-care-tendances-en-formulation-et-durabilite\/#primaryimage","url":"https:\/\/www.ainia.com\/wp-content\/uploads\/2026\/03\/natural-cosmetics-flat-lay-2025-03-13-23-12-28-utc-1-1.jpg","contentUrl":"https:\/\/www.ainia.com\/wp-content\/uploads\/2026\/03\/natural-cosmetics-flat-lay-2025-03-13-23-12-28-utc-1-1.jpg","width":1200,"height":801,"caption":"Natural cosmetics"},{"@type":"BreadcrumbList","@id":"https:\/\/www.ainia.com\/fr\/ainia-news\/cosmetique-naturel-et-bio-en-skin-care-tendances-en-formulation-et-durabilite\/#breadcrumb","itemListElement":[{"@type":"ListItem","position":1,"name":"Portada","item":"https:\/\/www.ainia.com\/fr\/"},{"@type":"ListItem","position":2,"name":"Cosm\u00e9tique naturel et bio en skin care: tendances en formulation et durabilit\u00e9"}]},{"@type":"WebSite","@id":"https:\/\/www.ainia.com\/fr\/#website","url":"https:\/\/www.ainia.com\/fr\/","name":"AINIA","description":"AINIA","publisher":{"@id":"https:\/\/www.ainia.com\/fr\/#organization"},"potentialAction":[{"@type":"SearchAction","target":{"@type":"EntryPoint","urlTemplate":"https:\/\/www.ainia.com\/fr\/?s={search_term_string}"},"query-input":{"@type":"PropertyValueSpecification","valueRequired":true,"valueName":"search_term_string"}}],"inLanguage":"fr"},{"@type":"Organization","@id":"https:\/\/www.ainia.com\/fr\/#organization","name":"Ainia","url":"https:\/\/www.ainia.com\/fr\/","logo":{"@type":"ImageObject","inLanguage":"fr","@id":"https:\/\/www.ainia.com\/fr\/#\/schema\/logo\/image\/","url":"https:\/\/www.ainia.com\/wp-content\/uploads\/2022\/01\/LOGO-AINIA-simple-alta-resolucion-sin-fondo-1.png","contentUrl":"https:\/\/www.ainia.com\/wp-content\/uploads\/2022\/01\/LOGO-AINIA-simple-alta-resolucion-sin-fondo-1.png","width":1000,"height":346,"caption":"Ainia"},"image":{"@id":"https:\/\/www.ainia.com\/fr\/#\/schema\/logo\/image\/"}},{"@type":"Person","@id":"https:\/\/www.ainia.com\/fr\/#\/schema\/person\/a0594a955fe8d0a3a2c51f8a95b5a5a5","name":"Carolina Colv\u00e9e","image":{"@type":"ImageObject","inLanguage":"fr","@id":"https:\/\/secure.gravatar.com\/avatar\/4a27086b8660a74949cbd82ca666423c7008e570b55f66b6580d1b71db90b595?s=96&d=mm&r=g","url":"https:\/\/secure.gravatar.com\/avatar\/4a27086b8660a74949cbd82ca666423c7008e570b55f66b6580d1b71db90b595?s=96&d=mm&r=g","contentUrl":"https:\/\/secure.gravatar.com\/avatar\/4a27086b8660a74949cbd82ca666423c7008e570b55f66b6580d1b71db90b595?s=96&d=mm&r=g","caption":"Carolina Colv\u00e9e"},"url":"https:\/\/www.ainia.com\/fr\/ainia-news\/author\/carolina-clovee\/"}]}},"_links":{"self":[{"href":"https:\/\/www.ainia.com\/fr\/wp-json\/wp\/v2\/posts\/188623","targetHints":{"allow":["GET"]}}],"collection":[{"href":"https:\/\/www.ainia.com\/fr\/wp-json\/wp\/v2\/posts"}],"about":[{"href":"https:\/\/www.ainia.com\/fr\/wp-json\/wp\/v2\/types\/post"}],"author":[{"embeddable":true,"href":"https:\/\/www.ainia.com\/fr\/wp-json\/wp\/v2\/users\/318"}],"replies":[{"embeddable":true,"href":"https:\/\/www.ainia.com\/fr\/wp-json\/wp\/v2\/comments?post=188623"}],"version-history":[{"count":8,"href":"https:\/\/www.ainia.com\/fr\/wp-json\/wp\/v2\/posts\/188623\/revisions"}],"predecessor-version":[{"id":191218,"href":"https:\/\/www.ainia.com\/fr\/wp-json\/wp\/v2\/posts\/188623\/revisions\/191218"}],"wp:featuredmedia":[{"embeddable":true,"href":"https:\/\/www.ainia.com\/fr\/wp-json\/wp\/v2\/media\/188617"}],"wp:attachment":[{"href":"https:\/\/www.ainia.com\/fr\/wp-json\/wp\/v2\/media?parent=188623"}],"wp:term":[{"taxonomy":"category","embeddable":true,"href":"https:\/\/www.ainia.com\/fr\/wp-json\/wp\/v2\/categories?post=188623"},{"taxonomy":"post_tag","embeddable":true,"href":"https:\/\/www.ainia.com\/fr\/wp-json\/wp\/v2\/tags?post=188623"}],"curies":[{"name":"wp","href":"https:\/\/api.w.org\/{rel}","templated":true}]}}