{"id":186514,"date":"2026-01-20T15:02:15","date_gmt":"2026-01-20T14:02:15","guid":{"rendered":"https:\/\/www.ainia.com\/?p=186514"},"modified":"2026-04-02T13:02:58","modified_gmt":"2026-04-02T12:02:58","slug":"la-valorisation-des-co-produits-comme-moteur-de-la-cosmetique-durable","status":"publish","type":"post","link":"https:\/\/www.ainia.com\/fr\/ainia-news\/la-valorisation-des-co-produits-comme-moteur-de-la-cosmetique-durable\/","title":{"rendered":"La valorisation des co-produits comme moteur de la cosm\u00e9tique durable"},"content":{"rendered":"<html><body><article data-testid=\"article-valorisation-co-produits\">\n<header>\n<ol data-testid=\"toc\" aria-label=\"Dans cet article\">\n<li><strong><a href=\"#section-1\">Qu\u2019est-ce que la valorisation co-produits et pourquoi elle s\u2019inscrit dans la cosm\u00e9tique durable<\/a><\/strong><\/li>\n<li><strong><a href=\"#section-2\">Co-produits v\u00e9g\u00e9taux \u00e0 fort potentiel en bioactifs<\/a><\/strong><\/li>\n<li><strong><a href=\"#section-3\">Comment s\u00e9lectionner les mati\u00e8res premi\u00e8res : crit\u00e8res techniques et business<\/a><\/strong><\/li>\n<li><strong><a href=\"#section-4\">Technologie d\u2019extraction : comment choisir un proc\u00e9d\u00e9 plus propre<\/a><\/strong><\/li>\n<li><strong><a href=\"#section-5\">CO\u2082 supercritique : puret\u00e9, performance et coh\u00e9rence avec une formulation responsable<\/a><\/strong><\/li>\n<\/ol>\n<p data-qa=\"intro\">La <strong>valorisation co-produits<\/strong> s\u2019est impos\u00e9e comme l\u2019une des strat\u00e9gies les plus robustes pour int\u00e9grer durabilit\u00e9, innovation et efficacit\u00e9 dans le cadre de la <strong>cosm\u00e9tique durable 2.0<\/strong>. Face \u00e0 un consommateur qui exige transparence et responsabilit\u00e9, transformer des sous-produits v\u00e9g\u00e9taux en ingr\u00e9dients cosm\u00e9tiques \u00e0 forte valeur ajout\u00e9e constitue une r\u00e9ponse technique et coh\u00e9rente : exploiter des ressources d\u00e9j\u00e0 disponibles, r\u00e9duire les d\u00e9chets et obtenir des actifs fonctionnels au profil chimique riche et d\u00e9montrable.<\/p>\n<\/header>\n<section id=\"section-1\" data-testid=\"section-1\">\n<h2 data-qa=\"h2-1\">1. Qu\u2019est-ce que la valorisation co-produits et pourquoi elle s\u2019inscrit dans la cosm\u00e9tique durable<\/h2>\n<p data-qa=\"p-1\">En cosm\u00e9tique, la <strong>valorisation co-produits<\/strong> consiste \u00e0 transformer des co-produits ou sous-produits (par exemple, pelures, graines, pulpes ou tourteaux) en ingr\u00e9dients \u00e0 valeur fonctionnelle, tout en conservant une approche industrielle : tra\u00e7abilit\u00e9, contr\u00f4le qualit\u00e9, reproductibilit\u00e9 et faisabilit\u00e9 de mise \u00e0 l\u2019\u00e9chelle. Il ne s\u2019agit pas seulement de r\u00e9utiliser, mais de convertir des flux r\u00e9siduels en un ingr\u00e9dient actif avec une performance mesurable et une sp\u00e9cification technique claire.<\/p>\n<ul data-qa=\"list-1\">\n<li><strong>Impact op\u00e9rationnel :<\/strong> r\u00e9duction des d\u00e9chets et am\u00e9lioration de l\u2019utilisation des mati\u00e8res premi\u00e8res.<\/li>\n<li><strong>Impact sur l\u2019innovation :<\/strong> nouveaux profils d\u2019extraits, fractions et combinaisons de bioactifs.<\/li>\n<li><strong>Impact marque et march\u00e9 :<\/strong> construction d\u2019un r\u00e9cit de durabilit\u00e9 v\u00e9rifiable.<\/li>\n<\/ul>\n<\/section>\n<section id=\"section-2\" data-testid=\"section-2\">\n<h2 data-qa=\"h2-2\">2. Co-produits v\u00e9g\u00e9taux \u00e0 fort potentiel en bioactifs<\/h2>\n<p data-qa=\"p-2\">De nombreux sous-produits issus de l\u2019industrie agroalimentaire concentrent des compos\u00e9s d\u2019int\u00e9r\u00eat cosm\u00e9tique. L\u2019enjeu est d\u2019identifier quelle fraction apporte de la valeur (ar\u00f4mes, antioxydants, lipides fonctionnels, pigments, etc.) et quel proc\u00e9d\u00e9 permet de la r\u00e9cup\u00e9rer sans compromettre la s\u00e9curit\u00e9, la stabilit\u00e9 ou la scalabilit\u00e9.<\/p>\n<table data-testid=\"table-coproduits\">\n<thead>\n<tr>\n<th>Co-produit v\u00e9g\u00e9tal<\/th>\n<th>Compos\u00e9s d\u2019int\u00e9r\u00eat<\/th>\n<th>B\u00e9n\u00e9fices cosm\u00e9tiques<\/th>\n<\/tr>\n<\/thead>\n<tbody>\n<tr data-qa=\"row-agrumes\">\n<td><strong>Pelures d\u2019agrumes<\/strong><\/td>\n<td>Flavono\u00efdes, vitamine C, terp\u00e8nes (limon\u00e8ne, linalol)<\/td>\n<td>Antioxydant, \u00e9clat\/illuminateur, anti-pollution<\/td>\n<\/tr>\n<tr data-qa=\"row-tourteaux\">\n<td><strong>Tourteaux ol\u00e9agineux (amande, noix, noisette)<\/strong><\/td>\n<td>Lipides insaponifiables, tocoph\u00e9rols, compos\u00e9s ph\u00e9noliques<\/td>\n<td>Hydratation, soutien de la barri\u00e8re cutan\u00e9e, action protectrice<\/td>\n<\/tr>\n<tr data-qa=\"row-aromatiques\">\n<td><strong>Plantes aromatiques (romarin, thym, sauge, lavande)<\/strong><\/td>\n<td>Terp\u00e8nes, carnosol, acide rosmarinique, compos\u00e9s antimicrobiens<\/td>\n<td>Apaisant, antioxydant, anti-inflammatoire, soutien \u00e0 une conservation plus naturelle<\/td>\n<\/tr>\n<tr data-qa=\"row-raisin-baies\">\n<td><strong>R\u00e9sidus de raisin ou de baies<\/strong><\/td>\n<td>Anthocyanes, tanins, acide ellagique<\/td>\n<td>Protection contre les radicaux libres, effet r\u00e9g\u00e9n\u00e9rant, soutien aux all\u00e9gations anti-\u00e2ge<\/td>\n<\/tr>\n<\/tbody>\n<\/table>\n<\/section>\n<section id=\"section-3\" data-testid=\"section-3\">\n<h2 data-qa=\"h2-3\">3. Comment s\u00e9lectionner les mati\u00e8res premi\u00e8res : crit\u00e8res techniques et business<\/h2>\n<p data-qa=\"p-3\">Pour que la <strong>valorisation co-produits<\/strong> soit r\u00e9ellement un moteur de cosm\u00e9tique durable, le choix de la mati\u00e8re premi\u00e8re ne peut pas reposer uniquement sur une histoire attractive. Il doit soutenir un cas industriel : disponibilit\u00e9, stabilit\u00e9 de l\u2019approvisionnement et potentiel de standardisation. Cette approche \u00e9vite des projets \u201cs\u00e9duisants\u201d mais non viables \u00e0 l\u2019\u00e9chelle.<\/p>\n<ul data-qa=\"list-3\">\n<li><strong>Disponibilit\u00e9 et continuit\u00e9 :<\/strong> volumes, saisonnalit\u00e9 et logistique du co-produit.<\/li>\n<li><strong>Variabilit\u00e9 :<\/strong> plage attendue des compos\u00e9s cl\u00e9s et strat\u00e9gie de standardisation.<\/li>\n<li><strong>S\u00e9curit\u00e9 et conformit\u00e9 :<\/strong> risques li\u00e9s aux contaminants, allerg\u00e8nes, pesticides ou traces.<\/li>\n<li><strong>Ad\u00e9quation \u00e0 l\u2019application :<\/strong> type de produit final (visage, corps, capillaire), sensoriel et all\u00e9gations.<\/li>\n<li><strong>Mise \u00e0 l\u2019\u00e9chelle et co\u00fbt total :<\/strong> pr\u00e9-traitement, stockage, rendements et co\u00fbts \u00e9nerg\u00e9tiques.<\/li>\n<\/ul>\n<\/section>\n<section id=\"section-4\" data-testid=\"section-4\">\n<h2 data-qa=\"h2-4\">4. Technologie d\u2019extraction : comment choisir un proc\u00e9d\u00e9 plus propre<\/h2>\n<p data-qa=\"p-4\">Dans un contexte o\u00f9 la cosm\u00e9tique naturelle doit d\u00e9montrer efficacit\u00e9, puret\u00e9 et durabilit\u00e9, la <a href=\"https:\/\/www.ainia.com\/fr\/fabrication-industrielle-cosmetiques-nouveaux-ingredients\/\"><strong>technologie d\u2019extraction<\/strong><\/a> devient un facteur d\u00e9terminant. Obtenir des actifs fonctionnels \u00e0 partir de co-produits v\u00e9g\u00e9taux exige des m\u00e9thodes qui pr\u00e9servent la bioactivit\u00e9, r\u00e9duisent l\u2019empreinte du proc\u00e9d\u00e9 et simplifient les \u00e9tapes aval (purification, \u00e9limination de solvants, traitement des effluents).<\/p>\n<ul data-qa=\"list-4\">\n<li><strong>Profil \u201cpropre\u201d du proc\u00e9d\u00e9 :<\/strong> moins de solvants, moins d\u2019\u00e9tapes et moins de d\u00e9chets g\u00e9n\u00e9r\u00e9s.<\/li>\n<li><strong>Protection de l\u2019actif :<\/strong> conditions douces pour \u00e9viter les d\u00e9gradations thermiques ou oxydatives.<\/li>\n<li><strong>Reproductibilit\u00e9 :<\/strong> capacit\u00e9 \u00e0 contr\u00f4ler les param\u00e8tres et \u00e0 garantir des lots constants.<\/li>\n<li><strong>Compatibilit\u00e9 certifications et positionnement :<\/strong> coh\u00e9rence avec l\u2019origine naturelle et une formulation responsable.<\/li>\n<\/ul>\n<\/section>\n<section id=\"section-5\" data-testid=\"section-5\">\n<h2 data-qa=\"h2-5\">5. CO\u2082 supercritique : puret\u00e9, performance et coh\u00e9rence avec une formulation responsable<\/h2>\n<p data-qa=\"p-5\"><a href=\"https:\/\/www.ainia.com\/fr\/extraction-et-separation-avec-co2-supercritique\/\"><strong>L\u2019extraction au CO\u2082 supercritique<\/strong><\/a> s\u2019est impos\u00e9e comme une option particuli\u00e8rement adapt\u00e9e lorsque l\u2019objectif est de r\u00e9cup\u00e9rer des fractions fonctionnelles avec un profil chimique \u201cpropre\u201d et sans r\u00e9sidus de solvants. D\u2019un point de vue op\u00e9rationnel, elle facilite l\u2019industrialisation avec un contr\u00f4le robuste du proc\u00e9d\u00e9 et un discours technique coh\u00e9rent avec la cosm\u00e9tique durable.<\/p>\n<h3 data-qa=\"h3-5-1\"><strong>Extraction sans solvants : puret\u00e9 chimique et respect de l\u2019actif<\/strong><\/h3>\n<p data-qa=\"p-5-1\"><strong>Le CO\u2082 supercritique<\/strong> agit comme un solvant naturel et inerte, sans r\u00e9sidus. Contrairement aux m\u00e9thodes bas\u00e9es sur des solvants organiques, il r\u00e9duit le besoin d\u2019\u00e9tapes d\u2019\u00e9limination et minimise les sous-produits susceptibles d\u2019affecter la s\u00e9curit\u00e9 ou le profil sensoriel de l\u2019ingr\u00e9dient. C\u2019est un point cl\u00e9 en cosm\u00e9tique, o\u00f9 l\u2019absence de traces et la constance des lots sont des leviers directs de qualit\u00e9.<\/p>\n<ul data-qa=\"list-5-1\">\n<li>Int\u00e9grit\u00e9 chimique de l\u2019actif<\/li>\n<li>Stabilit\u00e9 de l\u2019ar\u00f4me naturel<\/li>\n<li>Compatibilit\u00e9 avec des certifications bio ou d\u2019origine naturelle<\/li>\n<li>Reproductibilit\u00e9 lot \u00e0 lot<\/li>\n<\/ul>\n<h3 data-qa=\"h3-5-2\"><strong>Conditions douces : pr\u00e9server les notes aromatiques et la bioactivit\u00e9<\/strong><\/h3>\n<p data-qa=\"p-5-2\">L\u2019un des principaux d\u00e9fis de la valorisation de co-produits est de <strong>pr\u00e9server des compos\u00e9s sensibles<\/strong> tels que les terp\u00e8nes, polyph\u00e9nols, lipides insaponifiables, carot\u00e9no\u00efdes ou vitamines. En op\u00e9rant \u00e0 des temp\u00e9ratures mod\u00e9r\u00e9es et avec une faible pr\u00e9sence d\u2019oxyg\u00e8ne, le CO\u2082 supercritique contribue \u00e0 r\u00e9duire les d\u00e9gradations thermiques et oxydatives, am\u00e9liorant la qualit\u00e9 fonctionnelle de l\u2019extrait.<\/p>\n<h3 data-qa=\"h3-5-3\"><strong>S\u00e9lectivit\u00e9 ajustable : fractions sur mesure<\/strong><\/h3>\n<p data-qa=\"p-5-3\">En ajustant pression, temp\u00e9rature et d\u00e9bit, l\u2019extraction peut \u00eatre orient\u00e9e vers des familles de compos\u00e9s sp\u00e9cifiques. Ce contr\u00f4le permet une strat\u00e9gie \u201cpar fractions\u201d : concevoir des ingr\u00e9dients avec une sp\u00e9cification claire (par exemple, fraction aromatique versus fraction lipidique fonctionnelle) et, ainsi, renforcer la robustesse technique de l\u2019all\u00e9gation.<\/p>\n<ul data-qa=\"list-5-3\">\n<li>Terp\u00e8nes aromatiques (limon\u00e8ne, linalol, citronellol) pour la parfumerie et les huiles essentielles<\/li>\n<li>Huiles fonctionnelles riches en tocoph\u00e9rols ou en squal\u00e8ne d\u2019origine v\u00e9g\u00e9tale pour des formules hydratantes et protectrices<\/li>\n<li>Extraits antioxydants de plantes aromatiques (romarin, sauge, thym)<\/li>\n<li>Fractions lipidiques l\u00e9g\u00e8res utilis\u00e9es comme huiles porteuses (carrier oils) de haute puret\u00e9<\/li>\n<\/ul>\n<\/section>\n<\/article>\n<p><img decoding=\"async\" class=\"alignnone size-full wp-image-182596\" src=\"https:\/\/www.ainia.com\/wp-content\/uploads\/2025\/09\/extraccion_fragancias_aceites_producccion_cosmetica.jpg\" alt=\"cosmetics production process for fragrances and active ingredients.\" width=\"1024\" height=\"1024\" srcset=\"https:\/\/www.ainia.com\/wp-content\/uploads\/2025\/09\/extraccion_fragancias_aceites_producccion_cosmetica.jpg 1024w, https:\/\/www.ainia.com\/wp-content\/uploads\/2025\/09\/extraccion_fragancias_aceites_producccion_cosmetica-300x300.jpg 300w, https:\/\/www.ainia.com\/wp-content\/uploads\/2025\/09\/extraccion_fragancias_aceites_producccion_cosmetica-150x150.jpg 150w, https:\/\/www.ainia.com\/wp-content\/uploads\/2025\/09\/extraccion_fragancias_aceites_producccion_cosmetica-768x768.jpg 768w\" sizes=\"(max-width: 1024px) 100vw, 1024px\"><\/p>\n<p><strong><em><span class=\"TextRun SCXW260866669 BCX8\" lang=\"FR-FR\" xml:lang=\"FR-FR\" data-contrast=\"auto\"><span class=\"NormalTextRun SCXW260866669 BCX8\">Financ\u00e9<\/span><span class=\"NormalTextRun SCXW260866669 BCX8\">\u00a0par le\u00a0<\/span><span class=\"NormalTextRun SCXW260866669 BCX8\">programme<\/span><span class=\"NormalTextRun SCXW260866669 BCX8\">\u00a0<\/span><span class=\"NormalTextRun SCXW260866669 BCX8\">d\u2019aides<\/span><span class=\"NormalTextRun SCXW260866669 BCX8\">\u00a0\u00e0\u00a0<\/span><span class=\"NormalTextRun SCXW260866669 BCX8\">l\u2019embauche<\/span><span class=\"NormalTextRun SCXW260866669 BCX8\">\u00a0de\u00a0<\/span><span class=\"NormalTextRun SCXW260866669 BCX8\">jeunes<\/span><span class=\"NormalTextRun SCXW260866669 BCX8\">\u00a0<\/span><span class=\"NormalTextRun SCXW260866669 BCX8\">professionnels<\/span><span class=\"NormalTextRun SCXW260866669 BCX8\">\u00a0<\/span><span class=\"NormalTextRun SCXW260866669 BCX8\">sp\u00e9cialis\u00e9s<\/span><span class=\"NormalTextRun SCXW260866669 BCX8\">\u00a0en\u00a0<\/span><span class=\"NormalTextRun SCXW260866669 BCX8\">internationalisation<\/span><\/span><span class=\"EOP SCXW260866669 BCX8\" data-ccp-props='{\"134233117\":false,\"134233118\":false,\"201341983\":0,\"335559685\":720,\"335559738\":0,\"335559739\":0,\"335559740\":300}'> <img decoding=\"async\" class=\"alignnone size-large wp-image-191113\" src=\"https:\/\/www.ainia.com\/wp-content\/uploads\/2026\/02\/Imagen1-1024x109.png\" alt=\"\" width=\"1024\" height=\"109\" srcset=\"https:\/\/www.ainia.com\/wp-content\/uploads\/2026\/02\/Imagen1-1024x109.png 1024w, https:\/\/www.ainia.com\/wp-content\/uploads\/2026\/02\/Imagen1-300x32.png 300w, https:\/\/www.ainia.com\/wp-content\/uploads\/2026\/02\/Imagen1-768x82.png 768w, https:\/\/www.ainia.com\/wp-content\/uploads\/2026\/02\/Imagen1-1536x164.png 1536w, https:\/\/www.ainia.com\/wp-content\/uploads\/2026\/02\/Imagen1.png 1878w\" sizes=\"(max-width: 1024px) 100vw, 1024px\"><\/span><\/em><\/strong><\/p>\n<\/body><\/html>","protected":false},"excerpt":{"rendered":"<p>Qu\u2019est-ce que la valorisation co-produits et pourquoi elle s\u2019inscrit dans la cosm\u00e9tique durable Co-produits v\u00e9g\u00e9taux \u00e0 fort potentiel en bioactifs Comment s\u00e9lectionner les mati\u00e8res premi\u00e8res : crit\u00e8res techniques et business Technologie d\u2019extraction : comment choisir un proc\u00e9d\u00e9 plus propre CO\u2082 supercritique : puret\u00e9, performance et coh\u00e9rence avec une formulation responsable La valorisation co-produits s\u2019est impos\u00e9e [&hellip;]<\/p>\n","protected":false},"author":249,"featured_media":186502,"comment_status":"closed","ping_status":"closed","sticky":false,"template":"","format":"standard","meta":{"_acf_changed":false,"inline_featured_image":false,"footnotes":""},"categories":[1976],"tags":[],"class_list":["post-186514","post","type-post","status-publish","format-standard","hentry","category-innovation-technologique"],"acf":[],"yoast_head":"<!-- This site is optimized with the Yoast SEO plugin v27.4 - https:\/\/yoast.com\/product\/yoast-seo-wordpress\/ -->\n<title>La valorisation des co-produits comme moteur de la cosm\u00e9tique durable - AINIA<\/title>\n<meta name=\"description\" content=\"D\u00e9couvrez la valorisation co-produits en cosm\u00e9tique durable : d\u00e9finition, co-produits v\u00e9g\u00e9taux riches en bioactifs, choix de technologies d\u2019extraction.\" \/>\n<meta name=\"robots\" content=\"index, follow, max-snippet:-1, max-image-preview:large, max-video-preview:-1\" \/>\n<link rel=\"canonical\" href=\"https:\/\/www.ainia.com\/fr\/ainia-news\/la-valorisation-des-co-produits-comme-moteur-de-la-cosmetique-durable\/\" \/>\n<meta property=\"og:locale\" content=\"fr_FR\" \/>\n<meta property=\"og:type\" content=\"article\" \/>\n<meta property=\"og:title\" content=\"La valorisation des co-produits comme moteur de la cosm\u00e9tique durable - AINIA\" \/>\n<meta property=\"og:description\" content=\"D\u00e9couvrez la valorisation co-produits en cosm\u00e9tique durable : d\u00e9finition, co-produits v\u00e9g\u00e9taux riches en bioactifs, choix de technologies d\u2019extraction.\" \/>\n<meta property=\"og:url\" content=\"https:\/\/www.ainia.com\/fr\/ainia-news\/la-valorisation-des-co-produits-comme-moteur-de-la-cosmetique-durable\/\" \/>\n<meta property=\"og:site_name\" content=\"AINIA\" \/>\n<meta property=\"article:published_time\" content=\"2026-01-20T14:02:15+00:00\" \/>\n<meta property=\"article:modified_time\" content=\"2026-04-02T12:02:58+00:00\" \/>\n<meta property=\"og:image\" content=\"https:\/\/www.ainia.com\/wp-content\/uploads\/2026\/01\/marketingainia_89291_Elegant_clean_beauty_concept_botanical_i_ac391867-b849-48b2-a248-7e930a8cdd92_1.jpg\" \/>\n\t<meta property=\"og:image:width\" content=\"1024\" \/>\n\t<meta property=\"og:image:height\" content=\"1024\" \/>\n\t<meta property=\"og:image:type\" content=\"image\/jpeg\" \/>\n<meta name=\"author\" content=\"Miguel Garc\u00eda\" \/>\n<meta name=\"twitter:card\" content=\"summary_large_image\" \/>\n<meta name=\"twitter:label1\" content=\"Written by\" \/>\n\t<meta name=\"twitter:data1\" content=\"Miguel Garc\u00eda\" \/>\n\t<meta name=\"twitter:label2\" content=\"Est. reading time\" \/>\n\t<meta name=\"twitter:data2\" content=\"5 minutes\" \/>\n<script type=\"application\/ld+json\" class=\"yoast-schema-graph\">{\"@context\":\"https:\\\/\\\/schema.org\",\"@graph\":[{\"@type\":\"Article\",\"@id\":\"https:\\\/\\\/www.ainia.com\\\/fr\\\/ainia-news\\\/la-valorisation-des-co-produits-comme-moteur-de-la-cosmetique-durable\\\/#article\",\"isPartOf\":{\"@id\":\"https:\\\/\\\/www.ainia.com\\\/fr\\\/ainia-news\\\/la-valorisation-des-co-produits-comme-moteur-de-la-cosmetique-durable\\\/\"},\"author\":{\"name\":\"Miguel Garc\u00eda\",\"@id\":\"https:\\\/\\\/www.ainia.com\\\/fr\\\/#\\\/schema\\\/person\\\/507fd0bad589bbe3d26889351af2d1c5\"},\"headline\":\"La valorisation des co-produits comme moteur de la cosm\u00e9tique durable\",\"datePublished\":\"2026-01-20T14:02:15+00:00\",\"dateModified\":\"2026-04-02T12:02:58+00:00\",\"mainEntityOfPage\":{\"@id\":\"https:\\\/\\\/www.ainia.com\\\/fr\\\/ainia-news\\\/la-valorisation-des-co-produits-comme-moteur-de-la-cosmetique-durable\\\/\"},\"wordCount\":1132,\"publisher\":{\"@id\":\"https:\\\/\\\/www.ainia.com\\\/fr\\\/#organization\"},\"image\":{\"@id\":\"https:\\\/\\\/www.ainia.com\\\/fr\\\/ainia-news\\\/la-valorisation-des-co-produits-comme-moteur-de-la-cosmetique-durable\\\/#primaryimage\"},\"thumbnailUrl\":\"https:\\\/\\\/www.ainia.com\\\/wp-content\\\/uploads\\\/2026\\\/01\\\/marketingainia_89291_Elegant_clean_beauty_concept_botanical_i_ac391867-b849-48b2-a248-7e930a8cdd92_1.jpg\",\"articleSection\":[\"Innovation technologique\"],\"inLanguage\":\"fr\"},{\"@type\":\"WebPage\",\"@id\":\"https:\\\/\\\/www.ainia.com\\\/fr\\\/ainia-news\\\/la-valorisation-des-co-produits-comme-moteur-de-la-cosmetique-durable\\\/\",\"url\":\"https:\\\/\\\/www.ainia.com\\\/fr\\\/ainia-news\\\/la-valorisation-des-co-produits-comme-moteur-de-la-cosmetique-durable\\\/\",\"name\":\"La valorisation des co-produits comme moteur de la cosm\u00e9tique durable - AINIA\",\"isPartOf\":{\"@id\":\"https:\\\/\\\/www.ainia.com\\\/fr\\\/#website\"},\"primaryImageOfPage\":{\"@id\":\"https:\\\/\\\/www.ainia.com\\\/fr\\\/ainia-news\\\/la-valorisation-des-co-produits-comme-moteur-de-la-cosmetique-durable\\\/#primaryimage\"},\"image\":{\"@id\":\"https:\\\/\\\/www.ainia.com\\\/fr\\\/ainia-news\\\/la-valorisation-des-co-produits-comme-moteur-de-la-cosmetique-durable\\\/#primaryimage\"},\"thumbnailUrl\":\"https:\\\/\\\/www.ainia.com\\\/wp-content\\\/uploads\\\/2026\\\/01\\\/marketingainia_89291_Elegant_clean_beauty_concept_botanical_i_ac391867-b849-48b2-a248-7e930a8cdd92_1.jpg\",\"datePublished\":\"2026-01-20T14:02:15+00:00\",\"dateModified\":\"2026-04-02T12:02:58+00:00\",\"description\":\"D\u00e9couvrez la valorisation co-produits en cosm\u00e9tique durable : d\u00e9finition, co-produits v\u00e9g\u00e9taux riches en bioactifs, choix de technologies d\u2019extraction.\",\"breadcrumb\":{\"@id\":\"https:\\\/\\\/www.ainia.com\\\/fr\\\/ainia-news\\\/la-valorisation-des-co-produits-comme-moteur-de-la-cosmetique-durable\\\/#breadcrumb\"},\"inLanguage\":\"fr\",\"potentialAction\":[{\"@type\":\"ReadAction\",\"target\":[\"https:\\\/\\\/www.ainia.com\\\/fr\\\/ainia-news\\\/la-valorisation-des-co-produits-comme-moteur-de-la-cosmetique-durable\\\/\"]}]},{\"@type\":\"ImageObject\",\"inLanguage\":\"fr\",\"@id\":\"https:\\\/\\\/www.ainia.com\\\/fr\\\/ainia-news\\\/la-valorisation-des-co-produits-comme-moteur-de-la-cosmetique-durable\\\/#primaryimage\",\"url\":\"https:\\\/\\\/www.ainia.com\\\/wp-content\\\/uploads\\\/2026\\\/01\\\/marketingainia_89291_Elegant_clean_beauty_concept_botanical_i_ac391867-b849-48b2-a248-7e930a8cdd92_1.jpg\",\"contentUrl\":\"https:\\\/\\\/www.ainia.com\\\/wp-content\\\/uploads\\\/2026\\\/01\\\/marketingainia_89291_Elegant_clean_beauty_concept_botanical_i_ac391867-b849-48b2-a248-7e930a8cdd92_1.jpg\",\"width\":1024,\"height\":1024,\"caption\":\"subproductos para cosm\u00e9tica sostenible\"},{\"@type\":\"BreadcrumbList\",\"@id\":\"https:\\\/\\\/www.ainia.com\\\/fr\\\/ainia-news\\\/la-valorisation-des-co-produits-comme-moteur-de-la-cosmetique-durable\\\/#breadcrumb\",\"itemListElement\":[{\"@type\":\"ListItem\",\"position\":1,\"name\":\"Portada\",\"item\":\"https:\\\/\\\/www.ainia.com\\\/fr\\\/\"},{\"@type\":\"ListItem\",\"position\":2,\"name\":\"La valorisation des co-produits comme moteur de la cosm\u00e9tique durable\"}]},{\"@type\":\"WebSite\",\"@id\":\"https:\\\/\\\/www.ainia.com\\\/fr\\\/#website\",\"url\":\"https:\\\/\\\/www.ainia.com\\\/fr\\\/\",\"name\":\"AINIA\",\"description\":\"AINIA\",\"publisher\":{\"@id\":\"https:\\\/\\\/www.ainia.com\\\/fr\\\/#organization\"},\"potentialAction\":[{\"@type\":\"SearchAction\",\"target\":{\"@type\":\"EntryPoint\",\"urlTemplate\":\"https:\\\/\\\/www.ainia.com\\\/fr\\\/?s={search_term_string}\"},\"query-input\":{\"@type\":\"PropertyValueSpecification\",\"valueRequired\":true,\"valueName\":\"search_term_string\"}}],\"inLanguage\":\"fr\"},{\"@type\":\"Organization\",\"@id\":\"https:\\\/\\\/www.ainia.com\\\/fr\\\/#organization\",\"name\":\"Ainia\",\"url\":\"https:\\\/\\\/www.ainia.com\\\/fr\\\/\",\"logo\":{\"@type\":\"ImageObject\",\"inLanguage\":\"fr\",\"@id\":\"https:\\\/\\\/www.ainia.com\\\/fr\\\/#\\\/schema\\\/logo\\\/image\\\/\",\"url\":\"https:\\\/\\\/www.ainia.com\\\/wp-content\\\/uploads\\\/2022\\\/01\\\/LOGO-AINIA-simple-alta-resolucion-sin-fondo-1.png\",\"contentUrl\":\"https:\\\/\\\/www.ainia.com\\\/wp-content\\\/uploads\\\/2022\\\/01\\\/LOGO-AINIA-simple-alta-resolucion-sin-fondo-1.png\",\"width\":1000,\"height\":346,\"caption\":\"Ainia\"},\"image\":{\"@id\":\"https:\\\/\\\/www.ainia.com\\\/fr\\\/#\\\/schema\\\/logo\\\/image\\\/\"}},{\"@type\":\"Person\",\"@id\":\"https:\\\/\\\/www.ainia.com\\\/fr\\\/#\\\/schema\\\/person\\\/507fd0bad589bbe3d26889351af2d1c5\",\"name\":\"Miguel Garc\u00eda\",\"image\":{\"@type\":\"ImageObject\",\"inLanguage\":\"fr\",\"@id\":\"https:\\\/\\\/secure.gravatar.com\\\/avatar\\\/f782ca5c38b3fa085d9148befee5996da7f3b693bfce7acc8dab43a5e57c9b24?s=96&d=mm&r=g\",\"url\":\"https:\\\/\\\/secure.gravatar.com\\\/avatar\\\/f782ca5c38b3fa085d9148befee5996da7f3b693bfce7acc8dab43a5e57c9b24?s=96&d=mm&r=g\",\"contentUrl\":\"https:\\\/\\\/secure.gravatar.com\\\/avatar\\\/f782ca5c38b3fa085d9148befee5996da7f3b693bfce7acc8dab43a5e57c9b24?s=96&d=mm&r=g\",\"caption\":\"Miguel Garc\u00eda\"},\"url\":\"https:\\\/\\\/www.ainia.com\\\/fr\\\/ainia-news\\\/author\\\/miguel-garcia\\\/\"}]}<\/script>\n<!-- \/ Yoast SEO plugin. -->","yoast_head_json":{"title":"La valorisation des co-produits comme moteur de la cosm\u00e9tique durable - AINIA","description":"D\u00e9couvrez la valorisation co-produits en cosm\u00e9tique durable : d\u00e9finition, co-produits v\u00e9g\u00e9taux riches en bioactifs, choix de technologies d\u2019extraction.","robots":{"index":"index","follow":"follow","max-snippet":"max-snippet:-1","max-image-preview":"max-image-preview:large","max-video-preview":"max-video-preview:-1"},"canonical":"https:\/\/www.ainia.com\/fr\/ainia-news\/la-valorisation-des-co-produits-comme-moteur-de-la-cosmetique-durable\/","og_locale":"fr_FR","og_type":"article","og_title":"La valorisation des co-produits comme moteur de la cosm\u00e9tique durable - AINIA","og_description":"D\u00e9couvrez la valorisation co-produits en cosm\u00e9tique durable : d\u00e9finition, co-produits v\u00e9g\u00e9taux riches en bioactifs, choix de technologies d\u2019extraction.","og_url":"https:\/\/www.ainia.com\/fr\/ainia-news\/la-valorisation-des-co-produits-comme-moteur-de-la-cosmetique-durable\/","og_site_name":"AINIA","article_published_time":"2026-01-20T14:02:15+00:00","article_modified_time":"2026-04-02T12:02:58+00:00","og_image":[{"width":1024,"height":1024,"url":"https:\/\/www.ainia.com\/wp-content\/uploads\/2026\/01\/marketingainia_89291_Elegant_clean_beauty_concept_botanical_i_ac391867-b849-48b2-a248-7e930a8cdd92_1.jpg","type":"image\/jpeg"}],"author":"Miguel Garc\u00eda","twitter_card":"summary_large_image","twitter_misc":{"Written by":"Miguel Garc\u00eda","Est. reading time":"5 minutes"},"schema":{"@context":"https:\/\/schema.org","@graph":[{"@type":"Article","@id":"https:\/\/www.ainia.com\/fr\/ainia-news\/la-valorisation-des-co-produits-comme-moteur-de-la-cosmetique-durable\/#article","isPartOf":{"@id":"https:\/\/www.ainia.com\/fr\/ainia-news\/la-valorisation-des-co-produits-comme-moteur-de-la-cosmetique-durable\/"},"author":{"name":"Miguel Garc\u00eda","@id":"https:\/\/www.ainia.com\/fr\/#\/schema\/person\/507fd0bad589bbe3d26889351af2d1c5"},"headline":"La valorisation des co-produits comme moteur de la cosm\u00e9tique durable","datePublished":"2026-01-20T14:02:15+00:00","dateModified":"2026-04-02T12:02:58+00:00","mainEntityOfPage":{"@id":"https:\/\/www.ainia.com\/fr\/ainia-news\/la-valorisation-des-co-produits-comme-moteur-de-la-cosmetique-durable\/"},"wordCount":1132,"publisher":{"@id":"https:\/\/www.ainia.com\/fr\/#organization"},"image":{"@id":"https:\/\/www.ainia.com\/fr\/ainia-news\/la-valorisation-des-co-produits-comme-moteur-de-la-cosmetique-durable\/#primaryimage"},"thumbnailUrl":"https:\/\/www.ainia.com\/wp-content\/uploads\/2026\/01\/marketingainia_89291_Elegant_clean_beauty_concept_botanical_i_ac391867-b849-48b2-a248-7e930a8cdd92_1.jpg","articleSection":["Innovation technologique"],"inLanguage":"fr"},{"@type":"WebPage","@id":"https:\/\/www.ainia.com\/fr\/ainia-news\/la-valorisation-des-co-produits-comme-moteur-de-la-cosmetique-durable\/","url":"https:\/\/www.ainia.com\/fr\/ainia-news\/la-valorisation-des-co-produits-comme-moteur-de-la-cosmetique-durable\/","name":"La valorisation des co-produits comme moteur de la cosm\u00e9tique durable - AINIA","isPartOf":{"@id":"https:\/\/www.ainia.com\/fr\/#website"},"primaryImageOfPage":{"@id":"https:\/\/www.ainia.com\/fr\/ainia-news\/la-valorisation-des-co-produits-comme-moteur-de-la-cosmetique-durable\/#primaryimage"},"image":{"@id":"https:\/\/www.ainia.com\/fr\/ainia-news\/la-valorisation-des-co-produits-comme-moteur-de-la-cosmetique-durable\/#primaryimage"},"thumbnailUrl":"https:\/\/www.ainia.com\/wp-content\/uploads\/2026\/01\/marketingainia_89291_Elegant_clean_beauty_concept_botanical_i_ac391867-b849-48b2-a248-7e930a8cdd92_1.jpg","datePublished":"2026-01-20T14:02:15+00:00","dateModified":"2026-04-02T12:02:58+00:00","description":"D\u00e9couvrez la valorisation co-produits en cosm\u00e9tique durable : d\u00e9finition, co-produits v\u00e9g\u00e9taux riches en bioactifs, choix de technologies d\u2019extraction.","breadcrumb":{"@id":"https:\/\/www.ainia.com\/fr\/ainia-news\/la-valorisation-des-co-produits-comme-moteur-de-la-cosmetique-durable\/#breadcrumb"},"inLanguage":"fr","potentialAction":[{"@type":"ReadAction","target":["https:\/\/www.ainia.com\/fr\/ainia-news\/la-valorisation-des-co-produits-comme-moteur-de-la-cosmetique-durable\/"]}]},{"@type":"ImageObject","inLanguage":"fr","@id":"https:\/\/www.ainia.com\/fr\/ainia-news\/la-valorisation-des-co-produits-comme-moteur-de-la-cosmetique-durable\/#primaryimage","url":"https:\/\/www.ainia.com\/wp-content\/uploads\/2026\/01\/marketingainia_89291_Elegant_clean_beauty_concept_botanical_i_ac391867-b849-48b2-a248-7e930a8cdd92_1.jpg","contentUrl":"https:\/\/www.ainia.com\/wp-content\/uploads\/2026\/01\/marketingainia_89291_Elegant_clean_beauty_concept_botanical_i_ac391867-b849-48b2-a248-7e930a8cdd92_1.jpg","width":1024,"height":1024,"caption":"subproductos para cosm\u00e9tica sostenible"},{"@type":"BreadcrumbList","@id":"https:\/\/www.ainia.com\/fr\/ainia-news\/la-valorisation-des-co-produits-comme-moteur-de-la-cosmetique-durable\/#breadcrumb","itemListElement":[{"@type":"ListItem","position":1,"name":"Portada","item":"https:\/\/www.ainia.com\/fr\/"},{"@type":"ListItem","position":2,"name":"La valorisation des co-produits comme moteur de la cosm\u00e9tique durable"}]},{"@type":"WebSite","@id":"https:\/\/www.ainia.com\/fr\/#website","url":"https:\/\/www.ainia.com\/fr\/","name":"AINIA","description":"AINIA","publisher":{"@id":"https:\/\/www.ainia.com\/fr\/#organization"},"potentialAction":[{"@type":"SearchAction","target":{"@type":"EntryPoint","urlTemplate":"https:\/\/www.ainia.com\/fr\/?s={search_term_string}"},"query-input":{"@type":"PropertyValueSpecification","valueRequired":true,"valueName":"search_term_string"}}],"inLanguage":"fr"},{"@type":"Organization","@id":"https:\/\/www.ainia.com\/fr\/#organization","name":"Ainia","url":"https:\/\/www.ainia.com\/fr\/","logo":{"@type":"ImageObject","inLanguage":"fr","@id":"https:\/\/www.ainia.com\/fr\/#\/schema\/logo\/image\/","url":"https:\/\/www.ainia.com\/wp-content\/uploads\/2022\/01\/LOGO-AINIA-simple-alta-resolucion-sin-fondo-1.png","contentUrl":"https:\/\/www.ainia.com\/wp-content\/uploads\/2022\/01\/LOGO-AINIA-simple-alta-resolucion-sin-fondo-1.png","width":1000,"height":346,"caption":"Ainia"},"image":{"@id":"https:\/\/www.ainia.com\/fr\/#\/schema\/logo\/image\/"}},{"@type":"Person","@id":"https:\/\/www.ainia.com\/fr\/#\/schema\/person\/507fd0bad589bbe3d26889351af2d1c5","name":"Miguel Garc\u00eda","image":{"@type":"ImageObject","inLanguage":"fr","@id":"https:\/\/secure.gravatar.com\/avatar\/f782ca5c38b3fa085d9148befee5996da7f3b693bfce7acc8dab43a5e57c9b24?s=96&d=mm&r=g","url":"https:\/\/secure.gravatar.com\/avatar\/f782ca5c38b3fa085d9148befee5996da7f3b693bfce7acc8dab43a5e57c9b24?s=96&d=mm&r=g","contentUrl":"https:\/\/secure.gravatar.com\/avatar\/f782ca5c38b3fa085d9148befee5996da7f3b693bfce7acc8dab43a5e57c9b24?s=96&d=mm&r=g","caption":"Miguel Garc\u00eda"},"url":"https:\/\/www.ainia.com\/fr\/ainia-news\/author\/miguel-garcia\/"}]}},"_links":{"self":[{"href":"https:\/\/www.ainia.com\/fr\/wp-json\/wp\/v2\/posts\/186514","targetHints":{"allow":["GET"]}}],"collection":[{"href":"https:\/\/www.ainia.com\/fr\/wp-json\/wp\/v2\/posts"}],"about":[{"href":"https:\/\/www.ainia.com\/fr\/wp-json\/wp\/v2\/types\/post"}],"author":[{"embeddable":true,"href":"https:\/\/www.ainia.com\/fr\/wp-json\/wp\/v2\/users\/249"}],"replies":[{"embeddable":true,"href":"https:\/\/www.ainia.com\/fr\/wp-json\/wp\/v2\/comments?post=186514"}],"version-history":[{"count":4,"href":"https:\/\/www.ainia.com\/fr\/wp-json\/wp\/v2\/posts\/186514\/revisions"}],"predecessor-version":[{"id":191177,"href":"https:\/\/www.ainia.com\/fr\/wp-json\/wp\/v2\/posts\/186514\/revisions\/191177"}],"wp:featuredmedia":[{"embeddable":true,"href":"https:\/\/www.ainia.com\/fr\/wp-json\/wp\/v2\/media\/186502"}],"wp:attachment":[{"href":"https:\/\/www.ainia.com\/fr\/wp-json\/wp\/v2\/media?parent=186514"}],"wp:term":[{"taxonomy":"category","embeddable":true,"href":"https:\/\/www.ainia.com\/fr\/wp-json\/wp\/v2\/categories?post=186514"},{"taxonomy":"post_tag","embeddable":true,"href":"https:\/\/www.ainia.com\/fr\/wp-json\/wp\/v2\/tags?post=186514"}],"curies":[{"name":"wp","href":"https:\/\/api.w.org\/{rel}","templated":true}]}}