{"id":175952,"date":"2024-11-25T10:47:08","date_gmt":"2024-11-25T08:47:08","guid":{"rendered":"https:\/\/www.ainia.com\/?p=175952"},"modified":"2024-11-25T10:47:08","modified_gmt":"2024-11-25T08:47:08","slug":"la-securite-des-produits-cosmetiques-dans-lunion-europeenne","status":"publish","type":"post","link":"https:\/\/www.ainia.com\/fr\/ainia-news\/la-securite-des-produits-cosmetiques-dans-lunion-europeenne\/","title":{"rendered":"La s\u00e9curit\u00e9 des produits cosm\u00e9tiques dans l&#8217;Union europ\u00e9enne"},"content":{"rendered":"<html><body><div class=\"wpb-content-wrapper\"><p>[vc_row][vc_column][vc_column_text css=\u201d\u201d]Si nous pensons aux aliments et \u00e0 la s\u00e9curit\u00e9 alimentaire dans l\u2019UE, nous l\u2019associons au travail de l\u2019EFSA, l\u2019organisme charg\u00e9 de fournir les conseils technico-scientifiques n\u00e9cessaires pour garantir la s\u00e9curit\u00e9 des aliments. Lorsque nous abordons les cosm\u00e9tiques, nous devons nous tourner vers le<strong> Comit\u00e9 Scientifique pour la S\u00e9curit\u00e9 des Consommateurs (CSSC)<\/strong>.<\/p>\n<div class=\"flex max-w-full flex-col flex-grow\">\n<div class=\"min-h-8 text-message flex w-full flex-col items-end gap-2 whitespace-normal break-words [.text-message+&amp;]:mt-5\" dir=\"auto\" data-message-author-role=\"assistant\" data-message-id=\"c0718474-b035-4a5e-99fe-2fbb6e2ede9b\" data-client-thread-id=\"WEB:2e1f3aca-9a47-41db-8bdc-a974c0212185\" data-message-model-slug=\"gpt-4o\">\n<div class=\"flex w-full flex-col gap-1 empty:hidden first:pt-[3px]\">\n<div class=\"markdown prose w-full break-words dark:prose-invert light\">\n<p>L\u2019activit\u00e9 du CSSC s\u2019inscrit dans le cadre du processus \u00e9tabli par le R\u00e8glement (CE) n\u00b0 1223\/2009, en particulier pour diverses situations pr\u00e9vues \u00e0 l\u2019article 31 :<\/p>\n<\/div>\n<\/div>\n<\/div>\n<\/div>\n<ul>\n<li>En cas de<span style=\"text-decoration: underline;\"><strong> risque potentiel pour la sant\u00e9 humaine<\/strong><\/span> d\u00e9coulant de l\u2019utilisation de substances dans les produits cosm\u00e9tiques devant \u00eatre trait\u00e9 \u00e0 l\u2019\u00e9chelle communautaire, la Commission, <strong>apr\u00e8s consultation du CSSC, pourra modifier en cons\u00e9quence les annexes II \u00e0 VI<\/strong>.<\/li>\n<li><strong>Apr\u00e8s consultation du CSSC, la Commission pourra modifier les annexes III \u00e0 VI et VIII afin de les<span style=\"text-decoration: underline;\"> adapter aux progr\u00e8s scientifiques et techniques<\/span>.<\/strong><\/li>\n<li><strong>Lorsque cela est n\u00e9cessaire pour<span style=\"text-decoration: underline;\"> garantir la s\u00e9curit\u00e9 des produits cosm\u00e9tiques mis sur le march\u00e9<\/span>, la Commission, apr\u00e8s consultation du CSSC, pourra modifier l\u2019annexe I.<\/strong><\/li>\n<\/ul>\n<h2><strong>Que fait le CSSC ?<\/strong><\/h2>\n<p>Le <strong>Comit\u00e9 Scientifique pour la S\u00e9curit\u00e9 des Consommateurs<\/strong> (CSSC) est charg\u00e9 de rendre des avis sur <strong>les risques pour la sant\u00e9 et la s\u00e9curit\u00e9<\/strong> (chimiques, biologiques, m\u00e9caniques et autres risques physiques) des <strong>produits de consommation non alimentaires<\/strong> (par exemple, les <strong>produits cosm\u00e9tiques et leurs ingr\u00e9dients<\/strong>, les jouets, les textiles, les v\u00eatements, les produits d\u2019hygi\u00e8ne personnelle et domestique) et des <strong>services<\/strong> (par exemple, les tatouages, le bronzage artificiel). Cette activit\u00e9 permet \u00e0 la Commission europ\u00e9enne de<strong> modifier et de mettre \u00e0 jour la l\u00e9gislation sur les cosm\u00e9tiques<\/strong> chaque fois que cela est n\u00e9cessaire pour <strong>garantir la sant\u00e9 et la s\u00e9curit\u00e9 des consommateurs<\/strong>.<\/p>\n<h2><strong>Sur quoi travaille actuellement le CSSC ?<\/strong><\/h2>\n<p>Le<strong> CSSC<\/strong> est en activit\u00e9 permanente pour r\u00e9pondre aux diverses demandes qui lui sont adress\u00e9es. Actuellement, il finalise un avis sur un <strong><a href=\"https:\/\/health.ec.europa.eu\/publications\/sccs-opinion-new-coating-titanium-dioxide-nano-form_en\" target=\"_blank\" rel=\"noopener\">nouveau rev\u00eatement pour le dioxyde de titane (sous forme nano)<\/a><\/strong>.<\/p>\n<p>Dans ce cas, les questions \u00e9tudi\u00e9es dans le document pr\u00e9liminaire d\u2019avis concernent la s\u00e9curit\u00e9 de l\u2019utilisation du dioxyde de titane (nano) dans les applications et formulations propos\u00e9es.<\/p>\n<p>Les consid\u00e9rations pr\u00e9liminaires du CSSC soulignent la n\u00e9cessit\u00e9 d\u2019obtenir davantage d\u2019informations pour lever les doutes et incertitudes li\u00e9s \u00e0 l\u2019\u00e9valuation de la situation pour les usages potentiels du dioxyde de titane (nano). Par cons\u00e9quent, le CSSC continuera \u00e0 travailler en attendant des donn\u00e9es suppl\u00e9mentaires qui lui permettront de rendre un avis scientifique solide et pleinement garanti.<\/p>\n<p>Les activit\u00e9s du Comit\u00e9, \u00e0 travers ses rapports ou avis, soutiennent les mesures l\u00e9gislatives qui actualisent et d\u00e9veloppent la l\u00e9gislation sur les cosm\u00e9tiques. L\u2019un des exemples les plus<a href=\"https:\/\/members.wto.org\/crnattachments\/2024\/TBT\/EEC\/24_03925_00_e.pdf\" target=\"_blank\" rel=\"noopener\"> r\u00e9cents est la prochaine modification de la l\u00e9gislation sur les cosm\u00e9tiques<\/a> (<strong>R\u00e8glement (CE) n\u00b0 1223\/2009<\/strong>), qui ajoutera un grand nombre de substances \u00e0 l\u2019annexe II, c\u2019est-\u00e0-dire qu\u2019elle \u00e9largira la <strong>liste des substances interdites dans les produits cosm\u00e9tiques<\/strong>.<\/p>\n<p>Dans ce cas particulier, en fonction de l\u2019\u00e9valuation du CSSC,<a href=\"https:\/\/members.wto.org\/crnattachments\/2024\/TBT\/EEC\/24_03925_01_e.pdf\" target=\"_blank\" rel=\"noopener\"> les substances qui seront ajout\u00e9es \u00e0 l\u2019annexe II du R\u00e8glement 1223\/2009 sont<\/a> :<\/p>\n<ul>\n<li>diphenyl(2,4,6-trimethylbenzoyl)phosphine oxide<\/li>\n<li>2,2\u2032,6,6\u2032-tetrabromo-4,4\u2032-isopropylidenediphenol; tetrabromobisphenol-A<\/li>\n<li>transfluthrin (ISO); 2,3,5,6-tetrafluorobenzyl (1R,3S)-3-(2,2-dichlorovinyl)-2,2dimethylcyclopropanecarboxylate<\/li>\n<li>clothianidin (ISO); (E)-1-(2-chloro-1,3-thiazol-5ylmethyl)-3-methyl-2-nitroguanidine<\/li>\n<li>benzyl(diethylamino)diphenylphosphonium 4[1,1,1,3,3,3-hexafluoro-2-(4hydroxyphenyl)propan-2-yl]phenolate<\/li>\n<li>benzyltriphenylphosphonium, salt with 4,4\u2032[2,2,2-trifluoro-1(trifluoromethyl)ethylidene]bis[phenol] (1:1)<\/li>\n<li>reaction mass of 4,4\u2032-[2,2,2-trifluoro-1(trifluoromethyl)ethylidene]diphenol and benzyl(diethylamino)diphenylphosphonium 4[1,1,1,3,3,3-hexafluoro-2-(4hydroxyphenyl)propan-2-yl]phenolate (1:1)<\/li>\n<li>reaction mass of 4,4\u2032-[2,2,2-trifluoro-1(trifluoromethyl)ethylidene]diphenol and benzyltriphenylphosphonium, salt with 4,4\u2032[2,2,2-trifluoro-1(trifluoromethyl)ethylidene]bis[phenol] (1:1)<\/li>\n<li>dimethyl propylphosphonate<\/li>\n<li>dibutyltin maleate<\/li>\n<li>dibutyltin oxide<\/li>\n<li>reaction mass of 1-(2,3-epoxypropoxy)-2,2-bis ((2,3-epoxypropoxy)methyl) butane and 1-(2,3epoxypropoxy)-2-((2,3-epoxypropoxy)methyl)-2hydroxymethyl butane<\/li>\n<li>4,4\u2032-[2,2,2-trifluoro-1(trifluoromethyl)ethylidene]diphenol; bisphenol AF<\/li>\n<li>benfluralin (ISO); N-butyl-N-ethyl-\u03b1,\u03b1,\u03b1trifluoro-2,6-dinitro-p-toluidine<\/li>\n<li>N,N-dimethyl-p-toluidine<\/li>\n<li>1,4-Benzenediamine, N,N\u2019-mixed Ph and tolyl derivs.<\/li>\n<li>4-nitrosomorpholine<\/li>\n<li>difenoconazole (ISO); 1-({2-[2-chloro-4-(4chlorophenoxy)phenyl]-4-methyl-1,3-dioxolan-2yl}methyl)-1H-1,2,4-triazole; 3-chloro-4[(2RS,4RS;2RS,4SR)-4-methyl-2-(1H-1,2,4triazol-1-ylmethyl)-1,3-dioxolan-2-yl]phenyl 4chlorophenyl ether<\/li>\n<li>4-methylimidazole<\/li>\n<li>3,3\u2019-dimethylbiphenyl-4,4\u2019diyl diisocyanate<\/li>\n<li>Foramsulfurom (ISO); 2-{[4,6-dimethoxypyrimidin-2-yl)carbamoyl]} \u2013 4-formamido-<em>N,N-<\/em>dimethylbenzamide; 1-(4,6-dimethoxypyrimidin-2-yl)-3-(2-dimethylcarbamoyl-5-formamidophenylsulfonyl)urea.<\/li>\n<\/ul>\n<h2><strong>Les cosm\u00e9tiques commercialis\u00e9s dans l\u2019UE sont-ils s\u00fbrs ?<\/strong><\/h2>\n<p>Si l\u2019on consid\u00e8re le cadre r\u00e9glementaire en vigueur et le travail accompli par le CSSC pour garantir la sant\u00e9 et la s\u00e9curit\u00e9 des consommateurs, on peut affirmer avec certitude que nous disposons du syst\u00e8me le plus s\u00fbr au monde. Parmi les \u00e9l\u00e9ments cl\u00e9s couverts dans le domaine r\u00e9glementaire et technique des cosm\u00e9tiques, on peut souligner les points suivants :<\/p>\n<ul>\n<li>\n<div class=\"flex-shrink-0 flex flex-col relative items-end\">\n<div>\n<div class=\"pt-0\">\n<div class=\"gizmo-bot-avatar flex h-8 w-8 items-center justify-center overflow-hidden rounded-full\">\n<div class=\"relative p-1 rounded-sm flex items-center justify-center bg-token-main-surface-primary text-token-text-primary h-8 w-8\">Tous les produits cosm\u00e9tiques commercialis\u00e9s dans l\u2019UE doivent respecter des <strong>exigences strictes en mati\u00e8re de s\u00e9curit\u00e9 afin de prot\u00e9ger la sant\u00e9 humaine<\/strong>.<\/div>\n<\/div>\n<\/div>\n<\/div>\n<\/div>\n<\/li>\n<li>Les travaux techniques, associ\u00e9s aux dispositions l\u00e9gislatives, permettent de prendre en compte les <strong>avanc\u00e9es technologiques et scientifiques<\/strong> les plus r\u00e9centes.<\/li>\n<li>Todos los cosm\u00e9ticos ante de su puesta en mercado deben disponer de un <strong>informe sobre la seguridad.<\/strong><\/li>\n<li>Tous les cosm\u00e9tiques doivent disposer d\u2019un rapport de <strong>s\u00e9curit\u00e9 avant leur mise sur le march\u00e9<\/strong>.<\/li>\n<li>Les op\u00e9rateurs \u00e9conomiques qui mettent les produits sur le march\u00e9 doivent garantir que ces<strong> derniers respectent toutes les exigences de s\u00e9curit\u00e9<\/strong> conform\u00e9ment au R\u00e8glement (CE) n\u00b0 1223\/2009.<\/li>\n<\/ul>\n<p>Les op\u00e9rateurs \u00e9conomiques qui mettent des produits cosm\u00e9tiques sur le march\u00e9, en plus de tenir compte des travaux du CSSC, disposent \u00e9galement du document de r\u00e9f\u00e9rence publi\u00e9 dans la<a href=\"https:\/\/eur-lex.europa.eu\/legal-content\/ES\/TXT\/HTML\/?uri=CELEX%3A32013D0674#:~:text=xml&amp;text=Resulta%20esencial%20que%20los%20productos,utilizaci%C3%B3n%20normales%20y%20razonablemente%20previsibles.\" target=\"_blank\" rel=\"noopener\"> D\u00e9cision d\u2019ex\u00e9cution de la Commission du 25 novembre 2013, concernant les lignes directrices relatives \u00e0 l\u2019annexe I du R\u00e8glement (CE) n\u00b0 1223\/2009 du Parlement europ\u00e9en et du Conseil sur les produits cosm\u00e9tiques<\/a>, pour la pr\u00e9paration des dossiers de s\u00e9curit\u00e9 et leur pr\u00e9sentation au Comit\u00e9 Scientifique pour la S\u00e9curit\u00e9 des Consommateurs (CSSC).<\/p>\n<p>Du point de vue du secteur cosm\u00e9tique, il est essentiel de pr\u00eater<a href=\"https:\/\/health.ec.europa.eu\/scientific-committees\/scientific-committee-consumer-safety-sccs\/sccs-opinions_en\" target=\"_blank\" rel=\"noopener\"> attention aux avis et recommandations du CSSC<\/a>, car ils peuvent avoir un impact sur le cadre r\u00e9glementaire applicable aux produits cosm\u00e9tiques. Chez AINIA, nous continuerons \u00e0 informer sur l\u2019\u00e9volution de la l\u00e9gislation applicable aux produits cosm\u00e9tiques.[\/vc_column_text][\/vc_column][\/vc_row]<\/p>\n<\/div><\/body><\/html>","protected":false},"excerpt":{"rendered":"<p>[vc_row][vc_column][vc_column_text css=\u201d\u201d]Si nous pensons aux aliments et \u00e0 la s\u00e9curit\u00e9 alimentaire dans l\u2019UE, nous l\u2019associons au travail de l\u2019EFSA, l\u2019organisme charg\u00e9 de fournir les conseils technico-scientifiques n\u00e9cessaires pour garantir la s\u00e9curit\u00e9 des aliments. Lorsque nous abordons les cosm\u00e9tiques, nous devons nous tourner vers le Comit\u00e9 Scientifique pour la S\u00e9curit\u00e9 des Consommateurs (CSSC). L\u2019activit\u00e9 du CSSC [&hellip;]<\/p>\n","protected":false},"author":215,"featured_media":172106,"comment_status":"closed","ping_status":"closed","sticky":false,"template":"","format":"standard","meta":{"_acf_changed":false,"inline_featured_image":false,"footnotes":""},"categories":[1976,1929],"tags":[],"class_list":["post-175952","post","type-post","status-publish","format-standard","hentry","category-innovation-technologique","category-non-classifiee"],"acf":[],"yoast_head":"<!-- This site is optimized with the Yoast SEO plugin v27.5 - https:\/\/yoast.com\/product\/yoast-seo-wordpress\/ -->\n<title>La s\u00e9curit\u00e9 des produits cosm\u00e9tiques dans l&#039;Union europ\u00e9enne<\/title>\n<meta name=\"description\" content=\"R\u00e9glementations europ\u00e9ennes concernant les produits non alimentaires et le r\u00f4le du Comit\u00e9 Scientifique pour la S\u00e9curit\u00e9 des Consommateurs (CSSC).\" \/>\n<meta name=\"robots\" content=\"index, follow, max-snippet:-1, max-image-preview:large, max-video-preview:-1\" \/>\n<link rel=\"canonical\" href=\"https:\/\/www.ainia.com\/fr\/ainia-news\/la-securite-des-produits-cosmetiques-dans-lunion-europeenne\/\" \/>\n<meta property=\"og:locale\" content=\"fr_FR\" \/>\n<meta property=\"og:type\" content=\"article\" \/>\n<meta property=\"og:title\" content=\"La s\u00e9curit\u00e9 des produits cosm\u00e9tiques dans l&#039;Union europ\u00e9enne\" \/>\n<meta property=\"og:description\" content=\"R\u00e9glementations europ\u00e9ennes concernant les produits non alimentaires et le r\u00f4le du Comit\u00e9 Scientifique pour la S\u00e9curit\u00e9 des Consommateurs (CSSC).\" \/>\n<meta property=\"og:url\" content=\"https:\/\/www.ainia.com\/fr\/ainia-news\/la-securite-des-produits-cosmetiques-dans-lunion-europeenne\/\" \/>\n<meta property=\"og:site_name\" content=\"AINIA\" \/>\n<meta property=\"article:published_time\" content=\"2024-11-25T08:47:08+00:00\" \/>\n<meta property=\"og:image\" content=\"https:\/\/www.ainia.com\/wp-content\/uploads\/2024\/07\/ingredientes-cosmeticos-consumidores.jpg\" \/>\n\t<meta property=\"og:image:width\" content=\"1280\" \/>\n\t<meta property=\"og:image:height\" content=\"800\" \/>\n\t<meta property=\"og:image:type\" content=\"image\/jpeg\" \/>\n<meta name=\"author\" content=\"Jos\u00e9 Mar\u00eda Ferrer Villar\" \/>\n<meta name=\"twitter:card\" content=\"summary_large_image\" \/>\n<meta name=\"twitter:creator\" content=\"@JMFVILLAR\" \/>\n<meta name=\"twitter:label1\" content=\"Written by\" \/>\n\t<meta name=\"twitter:data1\" content=\"Jos\u00e9 Mar\u00eda Ferrer Villar\" \/>\n\t<meta name=\"twitter:label2\" content=\"Est. reading time\" \/>\n\t<meta name=\"twitter:data2\" content=\"5 minutes\" \/>\n<script type=\"application\/ld+json\" class=\"yoast-schema-graph\">{\"@context\":\"https:\\\/\\\/schema.org\",\"@graph\":[{\"@type\":\"Article\",\"@id\":\"https:\\\/\\\/www.ainia.com\\\/fr\\\/ainia-news\\\/la-securite-des-produits-cosmetiques-dans-lunion-europeenne\\\/#article\",\"isPartOf\":{\"@id\":\"https:\\\/\\\/www.ainia.com\\\/fr\\\/ainia-news\\\/la-securite-des-produits-cosmetiques-dans-lunion-europeenne\\\/\"},\"author\":{\"name\":\"Jos\u00e9 Mar\u00eda Ferrer Villar\",\"@id\":\"https:\\\/\\\/www.ainia.com\\\/fr\\\/#\\\/schema\\\/person\\\/aacedcef426f47522b2f6ef62b92202e\"},\"headline\":\"La s\u00e9curit\u00e9 des produits cosm\u00e9tiques dans l&#8217;Union europ\u00e9enne\",\"datePublished\":\"2024-11-25T08:47:08+00:00\",\"mainEntityOfPage\":{\"@id\":\"https:\\\/\\\/www.ainia.com\\\/fr\\\/ainia-news\\\/la-securite-des-produits-cosmetiques-dans-lunion-europeenne\\\/\"},\"wordCount\":1090,\"publisher\":{\"@id\":\"https:\\\/\\\/www.ainia.com\\\/fr\\\/#organization\"},\"image\":{\"@id\":\"https:\\\/\\\/www.ainia.com\\\/fr\\\/ainia-news\\\/la-securite-des-produits-cosmetiques-dans-lunion-europeenne\\\/#primaryimage\"},\"thumbnailUrl\":\"https:\\\/\\\/www.ainia.com\\\/wp-content\\\/uploads\\\/2024\\\/07\\\/ingredientes-cosmeticos-consumidores.jpg\",\"articleSection\":[\"Innovation technologique\",\"Non classifi\u00e9(e)\"],\"inLanguage\":\"fr\"},{\"@type\":\"WebPage\",\"@id\":\"https:\\\/\\\/www.ainia.com\\\/fr\\\/ainia-news\\\/la-securite-des-produits-cosmetiques-dans-lunion-europeenne\\\/\",\"url\":\"https:\\\/\\\/www.ainia.com\\\/fr\\\/ainia-news\\\/la-securite-des-produits-cosmetiques-dans-lunion-europeenne\\\/\",\"name\":\"La s\u00e9curit\u00e9 des produits cosm\u00e9tiques dans l'Union europ\u00e9enne\",\"isPartOf\":{\"@id\":\"https:\\\/\\\/www.ainia.com\\\/fr\\\/#website\"},\"primaryImageOfPage\":{\"@id\":\"https:\\\/\\\/www.ainia.com\\\/fr\\\/ainia-news\\\/la-securite-des-produits-cosmetiques-dans-lunion-europeenne\\\/#primaryimage\"},\"image\":{\"@id\":\"https:\\\/\\\/www.ainia.com\\\/fr\\\/ainia-news\\\/la-securite-des-produits-cosmetiques-dans-lunion-europeenne\\\/#primaryimage\"},\"thumbnailUrl\":\"https:\\\/\\\/www.ainia.com\\\/wp-content\\\/uploads\\\/2024\\\/07\\\/ingredientes-cosmeticos-consumidores.jpg\",\"datePublished\":\"2024-11-25T08:47:08+00:00\",\"description\":\"R\u00e9glementations europ\u00e9ennes concernant les produits non alimentaires et le r\u00f4le du Comit\u00e9 Scientifique pour la S\u00e9curit\u00e9 des Consommateurs (CSSC).\",\"breadcrumb\":{\"@id\":\"https:\\\/\\\/www.ainia.com\\\/fr\\\/ainia-news\\\/la-securite-des-produits-cosmetiques-dans-lunion-europeenne\\\/#breadcrumb\"},\"inLanguage\":\"fr\",\"potentialAction\":[{\"@type\":\"ReadAction\",\"target\":[\"https:\\\/\\\/www.ainia.com\\\/fr\\\/ainia-news\\\/la-securite-des-produits-cosmetiques-dans-lunion-europeenne\\\/\"]}]},{\"@type\":\"ImageObject\",\"inLanguage\":\"fr\",\"@id\":\"https:\\\/\\\/www.ainia.com\\\/fr\\\/ainia-news\\\/la-securite-des-produits-cosmetiques-dans-lunion-europeenne\\\/#primaryimage\",\"url\":\"https:\\\/\\\/www.ainia.com\\\/wp-content\\\/uploads\\\/2024\\\/07\\\/ingredientes-cosmeticos-consumidores.jpg\",\"contentUrl\":\"https:\\\/\\\/www.ainia.com\\\/wp-content\\\/uploads\\\/2024\\\/07\\\/ingredientes-cosmeticos-consumidores.jpg\",\"width\":1280,\"height\":800,\"caption\":\"ingredientes cosm\u00e9ticos\"},{\"@type\":\"BreadcrumbList\",\"@id\":\"https:\\\/\\\/www.ainia.com\\\/fr\\\/ainia-news\\\/la-securite-des-produits-cosmetiques-dans-lunion-europeenne\\\/#breadcrumb\",\"itemListElement\":[{\"@type\":\"ListItem\",\"position\":1,\"name\":\"Portada\",\"item\":\"https:\\\/\\\/www.ainia.com\\\/fr\\\/\"},{\"@type\":\"ListItem\",\"position\":2,\"name\":\"La s\u00e9curit\u00e9 des produits cosm\u00e9tiques dans l&#8217;Union europ\u00e9enne\"}]},{\"@type\":\"WebSite\",\"@id\":\"https:\\\/\\\/www.ainia.com\\\/fr\\\/#website\",\"url\":\"https:\\\/\\\/www.ainia.com\\\/fr\\\/\",\"name\":\"AINIA\",\"description\":\"AINIA\",\"publisher\":{\"@id\":\"https:\\\/\\\/www.ainia.com\\\/fr\\\/#organization\"},\"potentialAction\":[{\"@type\":\"SearchAction\",\"target\":{\"@type\":\"EntryPoint\",\"urlTemplate\":\"https:\\\/\\\/www.ainia.com\\\/fr\\\/?s={search_term_string}\"},\"query-input\":{\"@type\":\"PropertyValueSpecification\",\"valueRequired\":true,\"valueName\":\"search_term_string\"}}],\"inLanguage\":\"fr\"},{\"@type\":\"Organization\",\"@id\":\"https:\\\/\\\/www.ainia.com\\\/fr\\\/#organization\",\"name\":\"Ainia\",\"url\":\"https:\\\/\\\/www.ainia.com\\\/fr\\\/\",\"logo\":{\"@type\":\"ImageObject\",\"inLanguage\":\"fr\",\"@id\":\"https:\\\/\\\/www.ainia.com\\\/fr\\\/#\\\/schema\\\/logo\\\/image\\\/\",\"url\":\"https:\\\/\\\/www.ainia.com\\\/wp-content\\\/uploads\\\/2022\\\/01\\\/LOGO-AINIA-simple-alta-resolucion-sin-fondo-1.png\",\"contentUrl\":\"https:\\\/\\\/www.ainia.com\\\/wp-content\\\/uploads\\\/2022\\\/01\\\/LOGO-AINIA-simple-alta-resolucion-sin-fondo-1.png\",\"width\":1000,\"height\":346,\"caption\":\"Ainia\"},\"image\":{\"@id\":\"https:\\\/\\\/www.ainia.com\\\/fr\\\/#\\\/schema\\\/logo\\\/image\\\/\"}},{\"@type\":\"Person\",\"@id\":\"https:\\\/\\\/www.ainia.com\\\/fr\\\/#\\\/schema\\\/person\\\/aacedcef426f47522b2f6ef62b92202e\",\"name\":\"Jos\u00e9 Mar\u00eda Ferrer Villar\",\"image\":{\"@type\":\"ImageObject\",\"inLanguage\":\"fr\",\"@id\":\"https:\\\/\\\/secure.gravatar.com\\\/avatar\\\/84a3e86368148c8b5ca69c3c8bd8774bc8ab891e1e512db95c1534d4db0590b2?s=96&d=mm&r=g\",\"url\":\"https:\\\/\\\/secure.gravatar.com\\\/avatar\\\/84a3e86368148c8b5ca69c3c8bd8774bc8ab891e1e512db95c1534d4db0590b2?s=96&d=mm&r=g\",\"contentUrl\":\"https:\\\/\\\/secure.gravatar.com\\\/avatar\\\/84a3e86368148c8b5ca69c3c8bd8774bc8ab891e1e512db95c1534d4db0590b2?s=96&d=mm&r=g\",\"caption\":\"Jos\u00e9 Mar\u00eda Ferrer Villar\"},\"description\":\"Responsable de Asuntos Regulatorios Alimentarios.. Formaci\u00f3n\",\"sameAs\":[\"https:\\\/\\\/www.ainia.com\\\/contactar-jose-maria-ferrer\\\/\",\"www.linkedin.com\\\/in\\\/jmferrervillarderechoalimentario\",\"https:\\\/\\\/x.com\\\/JMFVILLAR\"],\"url\":\"https:\\\/\\\/www.ainia.com\\\/fr\\\/ainia-news\\\/author\\\/jose-maria-ferrer-villar\\\/\"}]}<\/script>\n<!-- \/ Yoast SEO plugin. -->","yoast_head_json":{"title":"La s\u00e9curit\u00e9 des produits cosm\u00e9tiques dans l'Union europ\u00e9enne","description":"R\u00e9glementations europ\u00e9ennes concernant les produits non alimentaires et le r\u00f4le du Comit\u00e9 Scientifique pour la S\u00e9curit\u00e9 des Consommateurs (CSSC).","robots":{"index":"index","follow":"follow","max-snippet":"max-snippet:-1","max-image-preview":"max-image-preview:large","max-video-preview":"max-video-preview:-1"},"canonical":"https:\/\/www.ainia.com\/fr\/ainia-news\/la-securite-des-produits-cosmetiques-dans-lunion-europeenne\/","og_locale":"fr_FR","og_type":"article","og_title":"La s\u00e9curit\u00e9 des produits cosm\u00e9tiques dans l'Union europ\u00e9enne","og_description":"R\u00e9glementations europ\u00e9ennes concernant les produits non alimentaires et le r\u00f4le du Comit\u00e9 Scientifique pour la S\u00e9curit\u00e9 des Consommateurs (CSSC).","og_url":"https:\/\/www.ainia.com\/fr\/ainia-news\/la-securite-des-produits-cosmetiques-dans-lunion-europeenne\/","og_site_name":"AINIA","article_published_time":"2024-11-25T08:47:08+00:00","og_image":[{"width":1280,"height":800,"url":"https:\/\/www.ainia.com\/wp-content\/uploads\/2024\/07\/ingredientes-cosmeticos-consumidores.jpg","type":"image\/jpeg"}],"author":"Jos\u00e9 Mar\u00eda Ferrer Villar","twitter_card":"summary_large_image","twitter_creator":"@JMFVILLAR","twitter_misc":{"Written by":"Jos\u00e9 Mar\u00eda Ferrer Villar","Est. reading time":"5 minutes"},"schema":{"@context":"https:\/\/schema.org","@graph":[{"@type":"Article","@id":"https:\/\/www.ainia.com\/fr\/ainia-news\/la-securite-des-produits-cosmetiques-dans-lunion-europeenne\/#article","isPartOf":{"@id":"https:\/\/www.ainia.com\/fr\/ainia-news\/la-securite-des-produits-cosmetiques-dans-lunion-europeenne\/"},"author":{"name":"Jos\u00e9 Mar\u00eda Ferrer Villar","@id":"https:\/\/www.ainia.com\/fr\/#\/schema\/person\/aacedcef426f47522b2f6ef62b92202e"},"headline":"La s\u00e9curit\u00e9 des produits cosm\u00e9tiques dans l&#8217;Union europ\u00e9enne","datePublished":"2024-11-25T08:47:08+00:00","mainEntityOfPage":{"@id":"https:\/\/www.ainia.com\/fr\/ainia-news\/la-securite-des-produits-cosmetiques-dans-lunion-europeenne\/"},"wordCount":1090,"publisher":{"@id":"https:\/\/www.ainia.com\/fr\/#organization"},"image":{"@id":"https:\/\/www.ainia.com\/fr\/ainia-news\/la-securite-des-produits-cosmetiques-dans-lunion-europeenne\/#primaryimage"},"thumbnailUrl":"https:\/\/www.ainia.com\/wp-content\/uploads\/2024\/07\/ingredientes-cosmeticos-consumidores.jpg","articleSection":["Innovation technologique","Non classifi\u00e9(e)"],"inLanguage":"fr"},{"@type":"WebPage","@id":"https:\/\/www.ainia.com\/fr\/ainia-news\/la-securite-des-produits-cosmetiques-dans-lunion-europeenne\/","url":"https:\/\/www.ainia.com\/fr\/ainia-news\/la-securite-des-produits-cosmetiques-dans-lunion-europeenne\/","name":"La s\u00e9curit\u00e9 des produits cosm\u00e9tiques dans l'Union europ\u00e9enne","isPartOf":{"@id":"https:\/\/www.ainia.com\/fr\/#website"},"primaryImageOfPage":{"@id":"https:\/\/www.ainia.com\/fr\/ainia-news\/la-securite-des-produits-cosmetiques-dans-lunion-europeenne\/#primaryimage"},"image":{"@id":"https:\/\/www.ainia.com\/fr\/ainia-news\/la-securite-des-produits-cosmetiques-dans-lunion-europeenne\/#primaryimage"},"thumbnailUrl":"https:\/\/www.ainia.com\/wp-content\/uploads\/2024\/07\/ingredientes-cosmeticos-consumidores.jpg","datePublished":"2024-11-25T08:47:08+00:00","description":"R\u00e9glementations europ\u00e9ennes concernant les produits non alimentaires et le r\u00f4le du Comit\u00e9 Scientifique pour la S\u00e9curit\u00e9 des Consommateurs (CSSC).","breadcrumb":{"@id":"https:\/\/www.ainia.com\/fr\/ainia-news\/la-securite-des-produits-cosmetiques-dans-lunion-europeenne\/#breadcrumb"},"inLanguage":"fr","potentialAction":[{"@type":"ReadAction","target":["https:\/\/www.ainia.com\/fr\/ainia-news\/la-securite-des-produits-cosmetiques-dans-lunion-europeenne\/"]}]},{"@type":"ImageObject","inLanguage":"fr","@id":"https:\/\/www.ainia.com\/fr\/ainia-news\/la-securite-des-produits-cosmetiques-dans-lunion-europeenne\/#primaryimage","url":"https:\/\/www.ainia.com\/wp-content\/uploads\/2024\/07\/ingredientes-cosmeticos-consumidores.jpg","contentUrl":"https:\/\/www.ainia.com\/wp-content\/uploads\/2024\/07\/ingredientes-cosmeticos-consumidores.jpg","width":1280,"height":800,"caption":"ingredientes cosm\u00e9ticos"},{"@type":"BreadcrumbList","@id":"https:\/\/www.ainia.com\/fr\/ainia-news\/la-securite-des-produits-cosmetiques-dans-lunion-europeenne\/#breadcrumb","itemListElement":[{"@type":"ListItem","position":1,"name":"Portada","item":"https:\/\/www.ainia.com\/fr\/"},{"@type":"ListItem","position":2,"name":"La s\u00e9curit\u00e9 des produits cosm\u00e9tiques dans l&#8217;Union europ\u00e9enne"}]},{"@type":"WebSite","@id":"https:\/\/www.ainia.com\/fr\/#website","url":"https:\/\/www.ainia.com\/fr\/","name":"AINIA","description":"AINIA","publisher":{"@id":"https:\/\/www.ainia.com\/fr\/#organization"},"potentialAction":[{"@type":"SearchAction","target":{"@type":"EntryPoint","urlTemplate":"https:\/\/www.ainia.com\/fr\/?s={search_term_string}"},"query-input":{"@type":"PropertyValueSpecification","valueRequired":true,"valueName":"search_term_string"}}],"inLanguage":"fr"},{"@type":"Organization","@id":"https:\/\/www.ainia.com\/fr\/#organization","name":"Ainia","url":"https:\/\/www.ainia.com\/fr\/","logo":{"@type":"ImageObject","inLanguage":"fr","@id":"https:\/\/www.ainia.com\/fr\/#\/schema\/logo\/image\/","url":"https:\/\/www.ainia.com\/wp-content\/uploads\/2022\/01\/LOGO-AINIA-simple-alta-resolucion-sin-fondo-1.png","contentUrl":"https:\/\/www.ainia.com\/wp-content\/uploads\/2022\/01\/LOGO-AINIA-simple-alta-resolucion-sin-fondo-1.png","width":1000,"height":346,"caption":"Ainia"},"image":{"@id":"https:\/\/www.ainia.com\/fr\/#\/schema\/logo\/image\/"}},{"@type":"Person","@id":"https:\/\/www.ainia.com\/fr\/#\/schema\/person\/aacedcef426f47522b2f6ef62b92202e","name":"Jos\u00e9 Mar\u00eda Ferrer Villar","image":{"@type":"ImageObject","inLanguage":"fr","@id":"https:\/\/secure.gravatar.com\/avatar\/84a3e86368148c8b5ca69c3c8bd8774bc8ab891e1e512db95c1534d4db0590b2?s=96&d=mm&r=g","url":"https:\/\/secure.gravatar.com\/avatar\/84a3e86368148c8b5ca69c3c8bd8774bc8ab891e1e512db95c1534d4db0590b2?s=96&d=mm&r=g","contentUrl":"https:\/\/secure.gravatar.com\/avatar\/84a3e86368148c8b5ca69c3c8bd8774bc8ab891e1e512db95c1534d4db0590b2?s=96&d=mm&r=g","caption":"Jos\u00e9 Mar\u00eda Ferrer Villar"},"description":"Responsable de Asuntos Regulatorios Alimentarios.. Formaci\u00f3n","sameAs":["https:\/\/www.ainia.com\/contactar-jose-maria-ferrer\/","www.linkedin.com\/in\/jmferrervillarderechoalimentario","https:\/\/x.com\/JMFVILLAR"],"url":"https:\/\/www.ainia.com\/fr\/ainia-news\/author\/jose-maria-ferrer-villar\/"}]}},"_links":{"self":[{"href":"https:\/\/www.ainia.com\/fr\/wp-json\/wp\/v2\/posts\/175952","targetHints":{"allow":["GET"]}}],"collection":[{"href":"https:\/\/www.ainia.com\/fr\/wp-json\/wp\/v2\/posts"}],"about":[{"href":"https:\/\/www.ainia.com\/fr\/wp-json\/wp\/v2\/types\/post"}],"author":[{"embeddable":true,"href":"https:\/\/www.ainia.com\/fr\/wp-json\/wp\/v2\/users\/215"}],"replies":[{"embeddable":true,"href":"https:\/\/www.ainia.com\/fr\/wp-json\/wp\/v2\/comments?post=175952"}],"version-history":[{"count":3,"href":"https:\/\/www.ainia.com\/fr\/wp-json\/wp\/v2\/posts\/175952\/revisions"}],"predecessor-version":[{"id":175955,"href":"https:\/\/www.ainia.com\/fr\/wp-json\/wp\/v2\/posts\/175952\/revisions\/175955"}],"wp:featuredmedia":[{"embeddable":true,"href":"https:\/\/www.ainia.com\/fr\/wp-json\/wp\/v2\/media\/172106"}],"wp:attachment":[{"href":"https:\/\/www.ainia.com\/fr\/wp-json\/wp\/v2\/media?parent=175952"}],"wp:term":[{"taxonomy":"category","embeddable":true,"href":"https:\/\/www.ainia.com\/fr\/wp-json\/wp\/v2\/categories?post=175952"},{"taxonomy":"post_tag","embeddable":true,"href":"https:\/\/www.ainia.com\/fr\/wp-json\/wp\/v2\/tags?post=175952"}],"curies":[{"name":"wp","href":"https:\/\/api.w.org\/{rel}","templated":true}]}}